{"id":138,"date":"2013-05-10T14:23:31","date_gmt":"2013-05-10T12:23:31","guid":{"rendered":"http:\/\/www.weppelmann.de\/?p=138"},"modified":"2013-09-18T06:27:37","modified_gmt":"2013-09-18T04:27:37","slug":"notizen-zur-kunstlerischen-arbeit","status":"publish","type":"post","link":"http:\/\/www.weppelmann.de\/?p=138","title":{"rendered":"Notizen zur k\u00fcnstlerischen Arbeit"},"content":{"rendered":"<div class=\"pf-content\"><p style=\"text-align: center;\"><strong>&#8222;Notizen zur k\u00fcnstlerischen Arbeit&#8220;<\/strong><\/p>\n<p style=\"text-align: center;\"><strong>von Wilm Weppelmann<\/strong><\/p>\n<ul>\n<li>alle Freiheiten zu haben erfordert ungeheure Disziplin<\/li>\n<li>K\u00fcnstler &#8211; prek\u00e4re R\u00e4nder am sozialen Rahmen<\/li>\n<li>Kunst ist wichtig unm\u00f6glich<\/li>\n<li>wann wird Kunst wieder Utopie und politisch dr\u00e4ngend<\/li>\n<li>Kunst als kuratorisches Mitmachspiel, sch\u00f6n bunt und kryptisch und wir f\u00fchlen uns alle wohl<\/li>\n<li>ich arbeite nicht f\u00fcr die Selbstbefriedigung des Kunstbegriffs<\/li>\n<li>alles ist verk\u00e4uflich, alles ist k\u00e4uflich, alles wollen jetzt und hier<\/li>\n<li><span class=\"mw-headline\" id=\"tendenzi.C3.B6s_.28Deutsch.29\">tendenzi\u00f6s: <\/span>Kuratoren, Galeristen, und Kulturwissenschaftler brauchen keine K\u00fcnstler mehr # sie sind ein Alibi f\u00fcr ihre Selbstverliebtheit # Metak\u00fcnstler<\/li>\n<li>aber nur beinahe: Subversion, Rebellion und Anarchismus sind heute pflegeleicht zu vereinnahmen #\u00a0 die Waffenschmieden des Marketings wollen daran verdienen<\/li>\n<li>die Kunst ist grausam # sie frisst ihre Macher<\/li>\n<li>der Konsumismus ist \u00e4u\u00dferst flexibel und erobert jeden Raum<\/li>\n<li>in der digitalen Cloud sich entleeren # Identit\u00e4t, Authentizit\u00e4t und Autonomie sind keine private Frage mehr, sondern ein \u00f6ffentliches Raster f\u00fcr Vermarktungsstrategien<\/li>\n<li>die zu \u00fcberwindende Erdhaftung w\u00e4chst proportional zur Vision<\/li>\n<li>oft bin ich hilflos im Gew\u00f6hnlichen und trotzdem wachse ich dann wieder \u00fcber mich selbst hinaus<\/li>\n<li>warum dieser tiefe Schmerz nach dem immer neuem Scheitern an den eigenen Anspr\u00fcchen # und ich lasse mich kaum mehr instrumentalisieren<\/li>\n<li>warum K\u00fcnstler sein \u2013\u00a0 eine banale Liste: Liebe Leben Tod Naivit\u00e4t Rausch Unwissenheit Ganzheitlichkeit Freiheit Widerstand Scheitern Natur Anarchismus Engagement Spirituali\u00e4t Wildnis Verantwortung Gesundheit Herausforderung Neurose Leidenschaft Absurdit\u00e4t Anspruch Poesie Sch\u00f6nheit Humanit\u00e4t und auch ein St\u00fcck Dummheit gepaart mit Masochismus<\/li>\n<li>es gibt keinen Grund weiterzumachen und das ist Grund genug weiterzumachen # mehr als das eine Leben habe ich nicht<\/li>\n<li>das Heer der Enthusiasten, der kostenlos Kreativen w\u00e4chst jeden Tag, Selbstausbeutung als asoziales Gesellschaftsmodell<\/li>\n<li>Einsamkeit ist nicht fruchtbar #\u00a0 reine Konfliktvermeidung<\/li>\n<li>weg mit der Separierung der k\u00fcnstlerischen Arbeit in Projekten, in tempor\u00e4ren Konstrukten statt einem Ganzheitsanspruch<\/li>\n<li>k\u00fcnstlerische Arbeit ist nicht effizient, sondern immer neu Experiment, Scheitern, Fehler, Entgleisung, Unsicherheit, Schw\u00e4che, Irrtum und Umweg<\/li>\n<li>im Mittelalter w\u00e4re ich Hofnarr gewesen und nach drei Wochen gek\u00f6pft<\/li>\n<li>Kunst ist Ausdruck und Analyse meines Zweifels<\/li>\n<\/ul>\n<p style=\"text-align: center;\">aufgeschrieben am 9.Mai 2013 K\u00f6ln \u00a9 wilm@weppelmann.de<\/p>\n<p style=\"text-align: center;\"><a href=\"http:\/\/www.weppelmann.de\/wp-content\/uploads\/2013\/05\/IMG_1589-290-x-290.jpg\"><img loading=\"lazy\" decoding=\"async\" class=\"size-full wp-image-152 aligncenter\" alt=\"IMG_1589 290 x 290\" src=\"http:\/\/www.weppelmann.de\/wp-content\/uploads\/2013\/05\/IMG_1589-290-x-290.jpg\" width=\"112\" height=\"112\" srcset=\"http:\/\/www.weppelmann.de\/wp-content\/uploads\/2013\/05\/IMG_1589-290-x-290.jpg 290w, http:\/\/www.weppelmann.de\/wp-content\/uploads\/2013\/05\/IMG_1589-290-x-290-50x50.jpg 50w\" sizes=\"auto, (max-width: 112px) 100vw, 112px\" \/><\/a><\/p>\n<p style=\"text-align: center;\">\u00a9 2013 photography: wilm@weppelmann.de<\/p>\n<p>&nbsp;<\/p>\n<\/div>","protected":false},"excerpt":{"rendered":"<p>&#8222;Notizen zur k\u00fcnstlerischen Arbeit&#8220; von Wilm Weppelmann alle Freiheiten zu haben erfordert ungeheure Disziplin K\u00fcnstler &#8211; prek\u00e4re R\u00e4nder am sozialen<\/p>\n","protected":false},"author":2,"featured_media":152,"comment_status":"open","ping_status":"open","sticky":true,"template":"","format":"standard","meta":{"footnotes":""},"categories":[6],"tags":[8,27,7],"class_list":["post-138","post","type-post","status-publish","format-standard","has-post-thumbnail","hentry","category-kunst","tag-kunstbegriff","tag-kunst","tag-kunstheorie"],"_links":{"self":[{"href":"http:\/\/www.weppelmann.de\/index.php?rest_route=\/wp\/v2\/posts\/138","targetHints":{"allow":["GET"]}}],"collection":[{"href":"http:\/\/www.weppelmann.de\/index.php?rest_route=\/wp\/v2\/posts"}],"about":[{"href":"http:\/\/www.weppelmann.de\/index.php?rest_route=\/wp\/v2\/types\/post"}],"author":[{"embeddable":true,"href":"http:\/\/www.weppelmann.de\/index.php?rest_route=\/wp\/v2\/users\/2"}],"replies":[{"embeddable":true,"href":"http:\/\/www.weppelmann.de\/index.php?rest_route=%2Fwp%2Fv2%2Fcomments&post=138"}],"version-history":[{"count":27,"href":"http:\/\/www.weppelmann.de\/index.php?rest_route=\/wp\/v2\/posts\/138\/revisions"}],"predecessor-version":[{"id":499,"href":"http:\/\/www.weppelmann.de\/index.php?rest_route=\/wp\/v2\/posts\/138\/revisions\/499"}],"wp:featuredmedia":[{"embeddable":true,"href":"http:\/\/www.weppelmann.de\/index.php?rest_route=\/wp\/v2\/media\/152"}],"wp:attachment":[{"href":"http:\/\/www.weppelmann.de\/index.php?rest_route=%2Fwp%2Fv2%2Fmedia&parent=138"}],"wp:term":[{"taxonomy":"category","embeddable":true,"href":"http:\/\/www.weppelmann.de\/index.php?rest_route=%2Fwp%2Fv2%2Fcategories&post=138"},{"taxonomy":"post_tag","embeddable":true,"href":"http:\/\/www.weppelmann.de\/index.php?rest_route=%2Fwp%2Fv2%2Ftags&post=138"}],"curies":[{"name":"wp","href":"https:\/\/api.w.org\/{rel}","templated":true}]}}