{"id":1395,"date":"2017-01-24T13:56:03","date_gmt":"2017-01-24T11:56:03","guid":{"rendered":"http:\/\/www.weppelmann.de\/?p=1395"},"modified":"2017-02-03T18:45:51","modified_gmt":"2017-02-03T16:45:51","slug":"notizen-aus-der-gartenwelt-des-wilm-weppelmann","status":"publish","type":"post","link":"http:\/\/www.weppelmann.de\/?p=1395","title":{"rendered":"Notizen aus der Gartenwelt des Wilm Weppelmann"},"content":{"rendered":"<div class=\"pf-content\"><p style=\"text-align: center;\"><strong>Notizen aus der Gartenwelt des Wilm Weppelmann<\/strong><\/p>\n<p style=\"text-align: left;\">&#8222;Wilm Weppelmann (M\u00fcnster) ist K\u00fcnstler und G\u00e4rtner aus Leidenschaft. Die Grenzen zwischen beiden T\u00e4tigkeitsfeldern sind in diesem Fall nicht zu bestimmen. Man kann sagen, sie wurden ausgefranst, um dann neu ineinander verwoben zu werden. Wilm Weppelmann ist kein Mensch der bin\u00e4ren Oppositionen. Wenn es zwei M\u00f6glichkeiten gibt, entscheidet er sich konsequent f\u00fcr die dritte &#8211; also Garten in allen Dimensionen.&#8220; Artikel von Eva Hakes im &#8222;Wandermagazin&#8220; April 2012<\/p>\n<p style=\"text-align: center;\"><a href=\"http:\/\/www.weppelmann.de\/wp-content\/uploads\/2013\/06\/04-17-IMG_7300-klein.jpg\"><img loading=\"lazy\" decoding=\"async\" class=\"aligncenter size-full wp-image-332\" src=\"http:\/\/www.weppelmann.de\/wp-content\/uploads\/2013\/06\/04-17-IMG_7300-klein.jpg\" alt=\"\" width=\"394\" height=\"262\" srcset=\"http:\/\/www.weppelmann.de\/wp-content\/uploads\/2013\/06\/04-17-IMG_7300-klein.jpg 394w, http:\/\/www.weppelmann.de\/wp-content\/uploads\/2013\/06\/04-17-IMG_7300-klein-300x199.jpg 300w\" sizes=\"auto, (max-width: 394px) 100vw, 394px\" \/><\/a><\/p>\n<ul>\n<li style=\"text-align: left;\">ich wachse mit meinem Garten<\/li>\n<li style=\"text-align: left;\">urbanwild und stadtfruchtbar sind meine Lieblingsgartenflecken #urbanfertile<\/li>\n<li style=\"text-align: left;\">am Horizont . ist jeder Traum . ein Insel . die nach einem G\u00e4rtner sucht<\/li>\n<li style=\"text-align: left;\">Garten kann man nicht in einer endg\u00fcltigen Form festhalten # jeden Tag lebt Garten neu und anders weiter<\/li>\n<li style=\"text-align: left;\">&#8230; zwinge die Natur und sie bezwingt dich<\/li>\n<li style=\"text-align: left;\">Mensch sollte den Geschmack von Erde kennen # Erde f\u00fcr alle<\/li>\n<li style=\"text-align: left;\">Garten findet bei jedem Wetter statt<\/li>\n<li style=\"text-align: left;\">ein Same ist Hoffnung auf ein lebenswertes Morgen<\/li>\n<li style=\"text-align: left;\">jeder mit Liebe gelebte Garten ist unvergleichbar sch\u00f6n<\/li>\n<li style=\"text-align: left;\">das Prinzip Garten ist Verantwortung vor der Natur und ein Weg zur Menschlichkeit<\/li>\n<li style=\"text-align: left;\">die Vielheit der G\u00e4rten in einem Garten kann der Stadtnatur Raum geben<\/li>\n<li style=\"text-align: left;\">die Freiheit des Kleingartens ist ein Gemeinschaftsspiel mit vielen Gartentr\u00e4umen<\/li>\n<li style=\"text-align: left;\">G\u00e4rten brauchen Menschen, Menschen brauchen G\u00e4rten # Wildnis ist Welt ohne uns<\/li>\n<li style=\"text-align: left;\">gerade der Garten im Winter ist elementar sch\u00f6n<\/li>\n<\/ul>\n<\/div>","protected":false},"excerpt":{"rendered":"<p>Notizen aus der Gartenwelt des Wilm Weppelmann &#8222;Wilm Weppelmann (M\u00fcnster) ist K\u00fcnstler und G\u00e4rtner aus Leidenschaft. Die Grenzen zwischen beiden<\/p>\n","protected":false},"author":2,"featured_media":1103,"comment_status":"open","ping_status":"open","sticky":true,"template":"","format":"standard","meta":{"footnotes":""},"categories":[1,14],"tags":[],"class_list":["post-1395","post","type-post","status-publish","format-standard","has-post-thumbnail","hentry","category-allgemein","category-gartenkunst"],"_links":{"self":[{"href":"http:\/\/www.weppelmann.de\/index.php?rest_route=\/wp\/v2\/posts\/1395","targetHints":{"allow":["GET"]}}],"collection":[{"href":"http:\/\/www.weppelmann.de\/index.php?rest_route=\/wp\/v2\/posts"}],"about":[{"href":"http:\/\/www.weppelmann.de\/index.php?rest_route=\/wp\/v2\/types\/post"}],"author":[{"embeddable":true,"href":"http:\/\/www.weppelmann.de\/index.php?rest_route=\/wp\/v2\/users\/2"}],"replies":[{"embeddable":true,"href":"http:\/\/www.weppelmann.de\/index.php?rest_route=%2Fwp%2Fv2%2Fcomments&post=1395"}],"version-history":[{"count":8,"href":"http:\/\/www.weppelmann.de\/index.php?rest_route=\/wp\/v2\/posts\/1395\/revisions"}],"predecessor-version":[{"id":1420,"href":"http:\/\/www.weppelmann.de\/index.php?rest_route=\/wp\/v2\/posts\/1395\/revisions\/1420"}],"wp:featuredmedia":[{"embeddable":true,"href":"http:\/\/www.weppelmann.de\/index.php?rest_route=\/wp\/v2\/media\/1103"}],"wp:attachment":[{"href":"http:\/\/www.weppelmann.de\/index.php?rest_route=%2Fwp%2Fv2%2Fmedia&parent=1395"}],"wp:term":[{"taxonomy":"category","embeddable":true,"href":"http:\/\/www.weppelmann.de\/index.php?rest_route=%2Fwp%2Fv2%2Fcategories&post=1395"},{"taxonomy":"post_tag","embeddable":true,"href":"http:\/\/www.weppelmann.de\/index.php?rest_route=%2Fwp%2Fv2%2Ftags&post=1395"}],"curies":[{"name":"wp","href":"https:\/\/api.w.org\/{rel}","templated":true}]}}