{"id":1410,"date":"2017-02-03T18:19:30","date_gmt":"2017-02-03T16:19:30","guid":{"rendered":"http:\/\/www.weppelmann.de\/?p=1410"},"modified":"2017-02-03T18:41:05","modified_gmt":"2017-02-03T16:41:05","slug":"2016-_-landmarks-seemarks-_-landschaft-zwischen-worten-a","status":"publish","type":"post","link":"http:\/\/www.weppelmann.de\/?p=1410","title":{"rendered":"Archiv 2016 _ LANDMARKS SEEMARKS _ Landschaft zwischen Worten"},"content":{"rendered":"<div class=\"pf-content\"><p style=\"text-align: center;\"><strong>Eine Ausstellung vom Kulturamt der Stadt M\u00fcnster<\/strong><\/p>\n<p style=\"text-align: center;\"><strong>LANDMARKS SEEMARKS &#8211; eine poetische Installation mit Fotografien und Texten von Wilm Weppelmann<\/strong><\/p>\n<p style=\"text-align: center;\">im Haus der Niederlande vom 3.9. bis 3.10.2016<\/p>\n<p style=\"text-align: left;\"><a href=\"http:\/\/www.weppelmann.de\/wp-content\/uploads\/2017\/02\/Flyer-Seite-1.jpg\"><img loading=\"lazy\" decoding=\"async\" class=\"aligncenter size-full wp-image-1412\" src=\"http:\/\/www.weppelmann.de\/wp-content\/uploads\/2017\/02\/Flyer-Seite-1.jpg\" alt=\"\" width=\"600\" height=\"283\" srcset=\"http:\/\/www.weppelmann.de\/wp-content\/uploads\/2017\/02\/Flyer-Seite-1.jpg 600w, http:\/\/www.weppelmann.de\/wp-content\/uploads\/2017\/02\/Flyer-Seite-1-300x142.jpg 300w\" sizes=\"auto, (max-width: 600px) 100vw, 600px\" \/><\/a>Die Landschaft hat sich zu einem vielseitigen Gegenstand der k\u00fcnstlerischen Fotografie entwickelt. Auch der M\u00fcnsteraner Fotograf und Konzeptk\u00fcnstler Wilm Weppelmann hat sich dem Thema gen\u00e4hert und seine eigene Bild- und Raumsprache mit Texten und Fotografien ausgearbeitet. In der Ausstellung im Haus der Niederlande waren\u00a0 zweiundzwanzig Bild- und Texttableaus und eine Installation zu sehen.<\/p>\n<p style=\"text-align: left;\">Im Crossover der unterschiedlichsten k\u00fcnstlerischen Arbeitsmittel vertieft der K\u00fcnstler sich in eine r\u00e4tselhafte poetische Welt zwischen innerer und \u00e4u\u00dferer Landschaft. Diese Auseinandersetzung erweitert der K\u00fcnstler noch mit einer raumgreifenden Installation, um eine weitere Br\u00fccke zu schlagen zur eigenen Seelenlandschaft. \u00a0Wenn Wilm Weppelmann Landschaft zum Sujet macht, dann ist nicht die Landschaft selbst der eigentliche interessante Gegenstand. Die Landschaft ist f\u00fcr ihn nur Anlass f\u00fcr etwas ganz Anderes, n\u00e4mlich f\u00fcr den neuen Umgang mit ihr. Die Landschaft liefert dem K\u00fcnstler die konservativen, gew\u00f6hnlichen Eigenschaften, um diese einer anderen erweiterten Lesart zuzuf\u00fchren, einer neuen poetischen Wahrnehmungsqualit\u00e4t \u2013 Landschaften zwischen Worten.<\/p>\n<p style=\"text-align: center;\"><strong>Epilog # von Wilm Weppelmann<\/strong><\/p>\n<p>wie wollen wir uns \u00fcberhaupt wahrhaben k\u00f6nnen wie wollen wir sehen wenn unsere innere und \u00e4u\u00dfere landschaft nur ein abstrich unserer unruhe ist wir nicht mehr anhalten k\u00f6nnen unsere aufmerksamkeit nur sekunden h\u00e4lt und das gef\u00fchl zur aufl\u00f6sung neigt auch wenn wir sehen sehen wir nur das n\u00e4chste auch das nicht mehr bis alles nichts und in eine flirrendes nichts \u00fcbergeht auch dann k\u00f6nnen wir nicht stehenbleiben in unseren augen in unserem kopf denn bewegung ist immer noch mehr als nichts meinen wir meinen wir jeden tag fl\u00fcchtig mit uns vor uns<\/p>\n<p><a href=\"http:\/\/www.weppelmann.de\/wp-content\/uploads\/2017\/02\/Bild-2.jpg\"><img loading=\"lazy\" decoding=\"async\" class=\"aligncenter wp-image-1414 size-full\" src=\"http:\/\/www.weppelmann.de\/wp-content\/uploads\/2017\/02\/Bild-2.jpg\" width=\"591\" height=\"413\" srcset=\"http:\/\/www.weppelmann.de\/wp-content\/uploads\/2017\/02\/Bild-2.jpg 591w, http:\/\/www.weppelmann.de\/wp-content\/uploads\/2017\/02\/Bild-2-300x210.jpg 300w\" sizes=\"auto, (max-width: 591px) 100vw, 591px\" \/><\/a><\/p>\n<p style=\"text-align: center;\">senkrecht in die dunkelheit<br \/>\nfiel das lot<br \/>\nanhaltspunkt<br \/>\ndes anfangs im heute<br \/>\nwo f\u00fcr die zukunft<br \/>\nder gesichtskreis der zeit<br \/>\nvermessen werden wollte<br \/>\ndamit schicksal<br \/>\nnicht im dunst der angst verharren musste<br \/>\nja, l\u00e4nger im leben bleiben durfte &#8211;<\/p>\n<p style=\"text-align: center;\"><em><strong>Landschaft zwischen Worten II<\/strong><\/em><\/p>\n<p>&nbsp;<\/p>\n<p><strong>Hintergrundmaterialien:<\/strong><\/p>\n<p><strong>Georg Simmel . Philosophie der Landschaft (1913)<\/strong> . ex: Die G\u00fcldenkammer. Eine bremische Monatsschrift, herausgegeben von Sophie Dorothea Gallwitz, Gustav Friedrich Hartlaub und Hermann Smidt, 3. Jg., 1913, Heft II, S.635-644 (Bremen)<\/p>\n<p><strong>Bertolt Brecht. Dialog zwischen einem Maler und einem Lyriker \u00fcber neue Kunstformen, 1940\/41<\/strong><\/p>\n<p>&#8230;.\u00a0 DER LYRIKER: Ich denke an Kunstwerke, die aus zwei verschiedenen Teilen bestehen:<br \/>\nein Gedicht, geschrieben auf eine Tafel, und eine weitere Tafel mit einem Bild darauf. Sie<br \/>\nk\u00f6nnten in demselben Raum, wenn auch nicht unbedingt nebeneinander h\u00e4ngen. Das Bild<br \/>\nbrauchte nicht, wie eine Illustration, dem Gedicht Leben einzuhauchen, und es k\u00f6nnte selbst<br \/>\nauch derart sein, dass es ohne Gedicht &#8222;leben&#8220; k\u00f6nnte.<br \/>\nDER MALER: Du meinst, dass Bild und Gedicht zwei k\u00fcnstlerische Behandlungen ein<br \/>\nund desselben Motivs sein sollten?<br \/>\nDER LYRIKER: Ja, aus dem Bild treten gewisse gedankliche und aus dem Gedicht gewisse<br \/>\noptische Elemente hervor.<br \/>\nDER MALER: &#8230; Aber Dein Gedicht? Wird es nicht dadurch verlieren, dass das Bild in der<br \/>\nVorstellung, die es hervorruft, gleichzeitig durch ein Bild fixiert wird, das die Phantasie z\u00fcgelt?<br \/>\nDER LYRIKER: Das kommt ganz auf das Bild an.\u00a0\u00a0 &#8230;&#8230;&#8230;.<\/p>\n<p>&nbsp;<\/p>\n<\/div>","protected":false},"excerpt":{"rendered":"<p>Eine Ausstellung vom Kulturamt der Stadt M\u00fcnster LANDMARKS SEEMARKS &#8211; eine poetische Installation mit Fotografien und Texten von Wilm Weppelmann<\/p>\n","protected":false},"author":2,"featured_media":1413,"comment_status":"open","ping_status":"open","sticky":true,"template":"","format":"standard","meta":{"footnotes":""},"categories":[1,5],"tags":[],"class_list":["post-1410","post","type-post","status-publish","format-standard","has-post-thumbnail","hentry","category-allgemein","category-fotografie"],"_links":{"self":[{"href":"http:\/\/www.weppelmann.de\/index.php?rest_route=\/wp\/v2\/posts\/1410","targetHints":{"allow":["GET"]}}],"collection":[{"href":"http:\/\/www.weppelmann.de\/index.php?rest_route=\/wp\/v2\/posts"}],"about":[{"href":"http:\/\/www.weppelmann.de\/index.php?rest_route=\/wp\/v2\/types\/post"}],"author":[{"embeddable":true,"href":"http:\/\/www.weppelmann.de\/index.php?rest_route=\/wp\/v2\/users\/2"}],"replies":[{"embeddable":true,"href":"http:\/\/www.weppelmann.de\/index.php?rest_route=%2Fwp%2Fv2%2Fcomments&post=1410"}],"version-history":[{"count":5,"href":"http:\/\/www.weppelmann.de\/index.php?rest_route=\/wp\/v2\/posts\/1410\/revisions"}],"predecessor-version":[{"id":1419,"href":"http:\/\/www.weppelmann.de\/index.php?rest_route=\/wp\/v2\/posts\/1410\/revisions\/1419"}],"wp:featuredmedia":[{"embeddable":true,"href":"http:\/\/www.weppelmann.de\/index.php?rest_route=\/wp\/v2\/media\/1413"}],"wp:attachment":[{"href":"http:\/\/www.weppelmann.de\/index.php?rest_route=%2Fwp%2Fv2%2Fmedia&parent=1410"}],"wp:term":[{"taxonomy":"category","embeddable":true,"href":"http:\/\/www.weppelmann.de\/index.php?rest_route=%2Fwp%2Fv2%2Fcategories&post=1410"},{"taxonomy":"post_tag","embeddable":true,"href":"http:\/\/www.weppelmann.de\/index.php?rest_route=%2Fwp%2Fv2%2Ftags&post=1410"}],"curies":[{"name":"wp","href":"https:\/\/api.w.org\/{rel}","templated":true}]}}