{"id":173,"date":"2013-05-13T08:20:15","date_gmt":"2013-05-13T06:20:15","guid":{"rendered":"http:\/\/www.weppelmann.de\/?p=173"},"modified":"2013-06-29T07:28:22","modified_gmt":"2013-06-29T05:28:22","slug":"gedichte-i","status":"publish","type":"post","link":"http:\/\/www.weppelmann.de\/?p=173","title":{"rendered":"Gedichte I"},"content":{"rendered":"<div class=\"pf-content\"><p>I<\/p>\n<pre>worte\r\nt\u00e4glichst\r\nunbedacht verloren\r\nbeschwert verbraucht\r\nk\u00f6nnen zu selten schweben\r\nja leben\r\nin einem gedicht\r\nblieben sie \r\nleicht\r\nf\u00fcr sich.\r\n\r\nII\r\n\r\nwenn ich in der ferne\r\nnoch nah sein will\r\nwenn ich nah \r\nnoch n\u00e4her f\u00fchlen will\r\neinfach nah\r\nist das liebe \r\noder oder ..\r\npsssst\r\npsst\r\nich h\u00f6re die nacht atmen.\r\n\r\nIII\r\n\r\nselten \r\nist \r\ndas leben \r\nganz ganz\r\naugenblick f\u00fcr augenblick\r\ntropfen f\u00fcr tropfen\r\nwach \r\nnur wahrzeit.\r\n\r\nIV\r\n\r\nin kleinsten seelenrissen\r\ntief ver\u00e4stelt\r\npocht der wundschmerz\r\nst\u00e4ndig fallend\r\n\u00fcber den rand hinweg\r\nh\u00e4lt kein bordstein\r\ndie leere auf. \r\n\r\nV\r\n\r\nangstworte\r\nsteigen\r\nbefl\u00fcgelt \r\nweit hinauf\r\ndicht\r\nan der sonne\r\nverbrennen\r\nmeine schatten \r\nmeine worte \r\nes bleibt nur ein hauchgedicht.\r\n\r\nVI\r\n\r\nirgendwann \r\nwerden wir uns nicht mehr als mensch riechen\r\nunsere eigene sprache nicht mehr verstehen m\u00fcssen\r\nweder wissen noch denken noch erinnern\r\nschon gar nicht selber entscheiden\r\ndie zeit braucht nicht viel \u00e4lter zu werden\r\num ins gro\u00dfe weltvergessen auszulaufen. \r\n\r\nVII\r\n\r\ntr\u00e4ume schlafen \r\nnicht l\u00e4nger\r\nwenn das fenster \r\nweit\r\nge\u00f6ffnet ist\r\nund noch \r\nalle gedanken \r\nam bett stehen. \r\n\r\nVIII\r\n\r\nzu welchem hin und her\r\nist man geboren\r\neifers\u00fcchtig um gelegenheiten\r\nuneinsichtig \r\nso wichtig \r\nklein. \r\n\r\nIX\r\n\r\nein l\u00e4cheln \r\naus der fremde\r\nber\u00fchrung \r\nf\u00fcr den ganzen tag.\r\n\r\nX\r\n\r\nweil ich schweigen m\u00fcsste\r\nw\u00fcrde meine sprachliebe\r\ndoch\r\nweiter g\u00e4ren\r\nhilflos\r\nvon wort zu wort\r\nallein\r\nnur buchstabe.\r\n\r\n\u00a9 wilm@weppelmann.de - Gedichte I - aufgeschrieben 14. bis 23. Mai 2013<\/pre>\n<p><a href=\"http:\/\/www.weppelmann.de\/wp-content\/uploads\/2013\/05\/Lyrik-1-290.jpg\"><img loading=\"lazy\" decoding=\"async\" class=\"alignnone size-full wp-image-172\" alt=\"Lyrik 1 290\" src=\"http:\/\/www.weppelmann.de\/wp-content\/uploads\/2013\/05\/Lyrik-1-290.jpg\" width=\"126\" height=\"126\" srcset=\"http:\/\/www.weppelmann.de\/wp-content\/uploads\/2013\/05\/Lyrik-1-290.jpg 290w, http:\/\/www.weppelmann.de\/wp-content\/uploads\/2013\/05\/Lyrik-1-290-50x50.jpg 50w\" sizes=\"auto, (max-width: 126px) 100vw, 126px\" \/><\/a><\/p>\n<p>&nbsp;<\/p>\n<p>\u00a9 2013 photography: wilm@weppelmann.de<\/p>\n<\/div>","protected":false},"excerpt":{"rendered":"<p>I worte t\u00e4glichst unbedacht verloren beschwert verbraucht k\u00f6nnen zu selten schweben ja leben in einem gedicht blieben sie leicht f\u00fcr<\/p>\n","protected":false},"author":2,"featured_media":172,"comment_status":"open","ping_status":"open","sticky":false,"template":"","format":"standard","meta":{"footnotes":""},"categories":[29],"tags":[9],"class_list":["post-173","post","type-post","status-publish","format-standard","has-post-thumbnail","hentry","category-lyrik","tag-lyrik"],"_links":{"self":[{"href":"http:\/\/www.weppelmann.de\/index.php?rest_route=\/wp\/v2\/posts\/173","targetHints":{"allow":["GET"]}}],"collection":[{"href":"http:\/\/www.weppelmann.de\/index.php?rest_route=\/wp\/v2\/posts"}],"about":[{"href":"http:\/\/www.weppelmann.de\/index.php?rest_route=\/wp\/v2\/types\/post"}],"author":[{"embeddable":true,"href":"http:\/\/www.weppelmann.de\/index.php?rest_route=\/wp\/v2\/users\/2"}],"replies":[{"embeddable":true,"href":"http:\/\/www.weppelmann.de\/index.php?rest_route=%2Fwp%2Fv2%2Fcomments&post=173"}],"version-history":[{"count":61,"href":"http:\/\/www.weppelmann.de\/index.php?rest_route=\/wp\/v2\/posts\/173\/revisions"}],"predecessor-version":[{"id":409,"href":"http:\/\/www.weppelmann.de\/index.php?rest_route=\/wp\/v2\/posts\/173\/revisions\/409"}],"wp:featuredmedia":[{"embeddable":true,"href":"http:\/\/www.weppelmann.de\/index.php?rest_route=\/wp\/v2\/media\/172"}],"wp:attachment":[{"href":"http:\/\/www.weppelmann.de\/index.php?rest_route=%2Fwp%2Fv2%2Fmedia&parent=173"}],"wp:term":[{"taxonomy":"category","embeddable":true,"href":"http:\/\/www.weppelmann.de\/index.php?rest_route=%2Fwp%2Fv2%2Fcategories&post=173"},{"taxonomy":"post_tag","embeddable":true,"href":"http:\/\/www.weppelmann.de\/index.php?rest_route=%2Fwp%2Fv2%2Ftags&post=173"}],"curies":[{"name":"wp","href":"https:\/\/api.w.org\/{rel}","templated":true}]}}