{"id":640,"date":"2014-01-18T15:24:02","date_gmt":"2014-01-18T13:24:02","guid":{"rendered":"http:\/\/www.weppelmann.de\/?p=640"},"modified":"2014-02-07T09:20:13","modified_gmt":"2014-02-07T07:20:13","slug":"archiv-wilm-weppelmann-1999-teil-1-ich-sehe-meine-augen","status":"publish","type":"post","link":"http:\/\/www.weppelmann.de\/?p=640","title":{"rendered":"Archiv 1999:  ich sehe meine Augen"},"content":{"rendered":"<div class=\"pf-content\"><h3 style=\"text-align: center;\"><strong>Das Archiv: 1999 Teil 1<br \/>\n<\/strong><\/h3>\n<h3 style=\"text-align: center;\">18.4. bis 16.5.1999 Ausstellung: &#8222;Ich sehe meine Augen &#8211; photography Wilm Weppelmann&#8220; gallery 48143 M\u00fcnster Bahnhofstr. 6<\/h3>\n<h3 style=\"text-align: center;\"><a href=\"http:\/\/www.weppelmann.de\/wp-content\/uploads\/2014\/01\/Ausstellungsdokumentation-ich-sehe-meine-augen-1999_Seite_01klein.jpg\"><img loading=\"lazy\" decoding=\"async\" class=\" wp-image-634 aligncenter\" alt=\"Ausstellungsdokumentation ich sehe meine augen 1999_Seite_01klein\" src=\"http:\/\/www.weppelmann.de\/wp-content\/uploads\/2014\/01\/Ausstellungsdokumentation-ich-sehe-meine-augen-1999_Seite_01klein-300x233.jpg\" width=\"300\" height=\"233\" srcset=\"http:\/\/www.weppelmann.de\/wp-content\/uploads\/2014\/01\/Ausstellungsdokumentation-ich-sehe-meine-augen-1999_Seite_01klein-300x233.jpg 300w, http:\/\/www.weppelmann.de\/wp-content\/uploads\/2014\/01\/Ausstellungsdokumentation-ich-sehe-meine-augen-1999_Seite_01klein.jpg 354w\" sizes=\"auto, (max-width: 300px) 100vw, 300px\" \/><\/a><\/h3>\n<h3 style=\"text-align: center;\"><a href=\"http:\/\/www.weppelmann.de\/wp-content\/uploads\/2014\/01\/04-Ausstellungsr\u00e4ume-klein.jpg\"><img loading=\"lazy\" decoding=\"async\" class=\"size-medium wp-image-659 aligncenter\" alt=\"04 Ausstellungsr\u00e4ume klein\" src=\"http:\/\/www.weppelmann.de\/wp-content\/uploads\/2014\/01\/04-Ausstellungsr\u00e4ume-klein-300x220.jpg\" width=\"300\" height=\"220\" srcset=\"http:\/\/www.weppelmann.de\/wp-content\/uploads\/2014\/01\/04-Ausstellungsr\u00e4ume-klein-300x220.jpg 300w, http:\/\/www.weppelmann.de\/wp-content\/uploads\/2014\/01\/04-Ausstellungsr\u00e4ume-klein.jpg 354w\" sizes=\"auto, (max-width: 300px) 100vw, 300px\" \/><\/a><\/h3>\n<p style=\"text-align: center;\"><a href=\"http:\/\/www.weppelmann.de\/wp-content\/uploads\/2014\/01\/Ausstellungsdokumentation-ich-sehe-meine-augen-1999_Seite_11-klein.jpg\"><img loading=\"lazy\" decoding=\"async\" class=\"size-medium wp-image-660 aligncenter\" alt=\"Ausstellungsdokumentation ich sehe meine augen 1999_Seite_11 klein\" src=\"http:\/\/www.weppelmann.de\/wp-content\/uploads\/2014\/01\/Ausstellungsdokumentation-ich-sehe-meine-augen-1999_Seite_11-klein-241x300.jpg\" width=\"241\" height=\"300\" srcset=\"http:\/\/www.weppelmann.de\/wp-content\/uploads\/2014\/01\/Ausstellungsdokumentation-ich-sehe-meine-augen-1999_Seite_11-klein-241x300.jpg 241w, http:\/\/www.weppelmann.de\/wp-content\/uploads\/2014\/01\/Ausstellungsdokumentation-ich-sehe-meine-augen-1999_Seite_11-klein.jpg 354w\" sizes=\"auto, (max-width: 241px) 100vw, 241px\" \/><\/a><\/p>\n<p style=\"text-align: center;\"><strong>Aus dem Auge verloren &#8211; Die Photographien von Wilm Weppelmann<\/strong><\/p>\n<p style=\"text-align: center;\"><strong>Er\u00f6ffnungsrede von Brigitte Merz, Heidelberg\u00a0<\/strong> 17.4.99<\/p>\n<p style=\"text-align: left;\">Das Augenf\u00e4lligste ist ein Trauerspiel \u2013 die Photographie verliert ihr liebstes Objekt der Begierde, das Photografenauge ist hier ohne Pendant, einsam vor den verschlossen, verdeckten Augenh\u00f6hlen, die abgelichteten Menschen treiben in ihrer Dunkelheit oder wehren sich vehement gegen die Vereinnahmung durch die Photographie. Etwas wie sein Augen h\u00fcten, hei\u00dft eine Redewendung und diese Menschen lassen kein Zweifel daran, dass das Auge nur ihnen geh\u00f6rt, ein St\u00fcck ihrer Intimit\u00e4t und Existenz ist. Die Protagonisten widerstehen dem Konsumeifer der Kamera, sie lassen sich nicht einfach verschlingen und einverleiben, um als zweidimensionale Zeichen ausgeworfen zu werden. Ihr Geheimnis ist ein gesch\u00fctztes Geheimnis, vor dem diese Photoarbeiten von Wilm Weppelmann mit Respekt aufleben, um dann eine ganz andere neue Sinnlichkeit und Menschlichkeit f\u00fcr sich zu entdecken.<\/p>\n<p style=\"text-align: left;\">Diese Ausstellung ist ein versteckter Angriff auf die Zwangsneurose der Portr\u00e4tphotographie. Das Augen-Ich mu\u00df von der photographischen Alltagswelt f\u00fcr eine Entlarvungsorgie der Individualit\u00e4t herhalten, ein heilloses, leeres Unterfangen, denn die Photographie als situatives Fixative vergi\u00dft so oft ihre illusion\u00e4re Ebene. Gerade das Auge lebt aus seiner bewegten Wahrnehmungsfunktion. Der Photograph baut sich aus seiner Augenperspektive zu einem Ich \u00fcber dem Ich auf und m\u00f6chte das andere Auge treffen und beherrschen, und die Aura des Blickes in einem Bild zu verkapseln. Nach dem Motto: Ich sehe was du nicht siehst &#8211; in einem seltsam, kindlichem Machtspiel.<\/p>\n<p style=\"text-align: left;\">Zu diesen Bildzeichen st\u00f6\u00dft ein aufregendes widerstrebendes Wortwerk &#8230;&#8230;&#8230;. und damit \u00f6ffnen wir den Blick auf den Produzenten. Eins ist sicher, das Feld f\u00fcr seine Studien ist erst gerade er\u00f6ffnet worden, nach einer Karriere als Verlagsmanager fand Wilm Weppelmann den Weg sein Leben, ganz au\u00dferhalb, in dem Risiko eines k\u00fcnstlerischen Experiments anzusiedeln. Neben einigen Photoreihen, einer Ausstellung in Japan, ist zur Zeit auch ein Buch in Vorbereitung. Der K\u00fcnstler auf dem Weg kreative Vielseitigkeit in der Verarbeitung multipler Strukturen\u2013 Wort neben Wort &#8211; Bild aus dem Wort \u2013 Wort f\u00fcr das Bild \u2013 Bild gegen das Bild &#8211; &#8230; &#8211; auszuleben und dabei Gestaltungsvisionen und Sinnhaftigkeit aufzudecken. In dieser Ausstellung erreicht uns eine erste spannende Kostprobe.<\/p>\n<p style=\"text-align: left;\">Leider bleibt mir in diesem Kontext nicht genug Raum, um die intellektuellen und sinnlichen Facetten der Arbeiten von Wilm Weppelmann en d\u00e9tail zu entschl\u00fcsseln, aber jeder sieht was er sieht und vergi\u00dft sicher was er nicht ertragen m\u00f6chte oder?!<\/p>\n<p style=\"text-align: left;\">\u201c Er hatte das Auge eines Geiers \u2013 ein bla\u00dfblaues Auge mit einem H\u00e4utchen dar\u00fcber. Sooft dessen Blick auf mich fiel , \u00fcberlief es mich kalt; und so kam ich denn nach und nach \u2013 ganz langsam und allm\u00e4hlich \u2013 zu dem Entschlusse, dem alten Mann das Leben zu nehmen und somit des Auges auf immer ledig zu werden.\u201d Edgar Allen Poe \u201eDas verr\u00e4terische Herz\u201c<\/p>\n<p style=\"text-align: center;\"><strong>Texte aus der Ausstellung:<\/strong><\/p>\n<address><strong>das auge<\/strong><\/address>\n<address><strong>des photographen<\/strong><\/address>\n<address>das auge vor dem auge<\/address>\n<address>das auge aus dem auge<\/address>\n<address>das bild aus dem auge<\/address>\n<address>das bild aus der welt<\/address>\n<address>rastlos wuchernd<\/address>\n<address>gegen die welt<\/address>\n<address>mit der welt<\/address>\n<address>sortieren<\/address>\n<address>ordnen<\/address>\n<address>fl\u00fcchten<\/address>\n<address>zur sekundenstarre<\/address>\n<address>ausschnitthaft<\/address>\n<address>herunterspielen<\/address>\n<address>das faktische<\/address>\n<address>einer illusion<\/address>\n<address>das bild des bildes<\/address>\n<address>in der vergangenheit<\/address>\n<address>der gegenwart-<\/address>\n<address style=\"text-align: left;\">\u00a0<\/address>\n<\/div>","protected":false},"excerpt":{"rendered":"<p>Das Archiv: 1999 Teil 1 18.4. bis 16.5.1999 Ausstellung: &#8222;Ich sehe meine Augen &#8211; photography Wilm Weppelmann&#8220; gallery 48143 M\u00fcnster<\/p>\n","protected":false},"author":2,"featured_media":643,"comment_status":"open","ping_status":"open","sticky":false,"template":"","format":"standard","meta":{"footnotes":""},"categories":[1,5,6,30],"tags":[27,28,10,18,19],"class_list":["post-640","post","type-post","status-publish","format-standard","has-post-thumbnail","hentry","category-allgemein","category-fotografie","category-kunst","category-ausstellung","tag-kunst","tag-fotografie","tag-ausstellung","tag-archiv","tag-portraetfotografie"],"_links":{"self":[{"href":"http:\/\/www.weppelmann.de\/index.php?rest_route=\/wp\/v2\/posts\/640","targetHints":{"allow":["GET"]}}],"collection":[{"href":"http:\/\/www.weppelmann.de\/index.php?rest_route=\/wp\/v2\/posts"}],"about":[{"href":"http:\/\/www.weppelmann.de\/index.php?rest_route=\/wp\/v2\/types\/post"}],"author":[{"embeddable":true,"href":"http:\/\/www.weppelmann.de\/index.php?rest_route=\/wp\/v2\/users\/2"}],"replies":[{"embeddable":true,"href":"http:\/\/www.weppelmann.de\/index.php?rest_route=%2Fwp%2Fv2%2Fcomments&post=640"}],"version-history":[{"count":7,"href":"http:\/\/www.weppelmann.de\/index.php?rest_route=\/wp\/v2\/posts\/640\/revisions"}],"predecessor-version":[{"id":645,"href":"http:\/\/www.weppelmann.de\/index.php?rest_route=\/wp\/v2\/posts\/640\/revisions\/645"}],"wp:featuredmedia":[{"embeddable":true,"href":"http:\/\/www.weppelmann.de\/index.php?rest_route=\/wp\/v2\/media\/643"}],"wp:attachment":[{"href":"http:\/\/www.weppelmann.de\/index.php?rest_route=%2Fwp%2Fv2%2Fmedia&parent=640"}],"wp:term":[{"taxonomy":"category","embeddable":true,"href":"http:\/\/www.weppelmann.de\/index.php?rest_route=%2Fwp%2Fv2%2Fcategories&post=640"},{"taxonomy":"post_tag","embeddable":true,"href":"http:\/\/www.weppelmann.de\/index.php?rest_route=%2Fwp%2Fv2%2Ftags&post=640"}],"curies":[{"name":"wp","href":"https:\/\/api.w.org\/{rel}","templated":true}]}}