{"id":781,"date":"2014-01-21T19:40:34","date_gmt":"2014-01-21T17:40:34","guid":{"rendered":"http:\/\/www.weppelmann.de\/?p=781"},"modified":"2014-02-07T06:35:08","modified_gmt":"2014-02-07T04:35:08","slug":"archiv-wilm-weppelmann-2004-gute-nacht-muenster","status":"publish","type":"post","link":"http:\/\/www.weppelmann.de\/?p=781","title":{"rendered":"Archiv 2004: &#8222;Gute Nacht M\u00fcnster&#8220;"},"content":{"rendered":"<div class=\"pf-content\"><h3 style=\"text-align: center;\"><a href=\"http:\/\/www.weppelmann.de\/wp-content\/uploads\/2014\/01\/Plakat-klein.jpg\"><img loading=\"lazy\" decoding=\"async\" class=\"aligncenter size-medium wp-image-768\" alt=\"Plakat klein\" src=\"http:\/\/www.weppelmann.de\/wp-content\/uploads\/2014\/01\/Plakat-klein-211x300.jpg\" width=\"211\" height=\"300\" srcset=\"http:\/\/www.weppelmann.de\/wp-content\/uploads\/2014\/01\/Plakat-klein-211x300.jpg 211w, http:\/\/www.weppelmann.de\/wp-content\/uploads\/2014\/01\/Plakat-klein.jpg 354w\" sizes=\"auto, (max-width: 211px) 100vw, 211px\" \/><\/a><\/h3>\n<h3 style=\"text-align: center;\">&#8222;Gute Nacht M\u00fcnster &#8211; Fotografien von Wilm Weppelmann&#8220;<\/h3>\n<p style=\"text-align: center;\">Stadtmuseum M\u00fcnster vom 6.6. &#8211; 19.9.2004<\/p>\n<p style=\"text-align: center;\">Dokumentation:<a href=\"http:\/\/www.youtube.com\/watch?v=NJsOs13gc1g\"> Reportage TV M\u00fcnster August 2004 <\/a><\/p>\n<p style=\"text-align: center;\"><strong>58 Schwarz-Wei\u00df-Fotoarbeiten von Wilm Weppelmann &#8211; entstanden im <\/strong><strong>April und Mai 2004 in der Zeit vom Sonnenuntergang bis zur <\/strong><strong>Morgend\u00e4mmerung in M\u00fcnster.<\/strong><\/p>\n<p style=\"text-align: center;\"><strong>Er\u00f6ffnung:\u00a0<\/strong> 5.6.2004\u00a0 21.43 Uhr mit <strong>Toncollage &#8222;PST, PSST, PSSST&#8220; <\/strong>Regie: Wilm Weppelmann , Sprecher: Roger Trash\u00a0 Schnitt\/Studio: Andreas Wilting<strong> und<\/strong> <strong>WHITE IN &#8211; Soundperformance<\/strong> Bj\u00f6rn Schimpf (Gitarre) Chris Plaumann (Percussion)<\/p>\n<p style=\"text-align: center;\"><strong>Nacht der Museen<\/strong> 18.9.2004 21.00 Uhr Lesung finissage &#8211; gedichte und anderes von und mit Wilm Weppelmann ab 18.00 Uhr bis 24.00 Uhr\u00a0 Erstauff\u00fchrung des Kurzfilms &#8222;sucht nacht oder film sucht bild&#8220;\u00a0 von Wilm Weppelmann<\/p>\n<p style=\"text-align: center;\"><strong>\u00a0Die Presse: <\/strong>&#8222;&#8230; mystische R\u00e4ume &#8230;&#8220; M\u00fcnstersche Zeitung # &#8222;&#8230; liebevoll in M\u00fcnster\u00b4s Dunkel &#8230;&#8220; Westf\u00e4lische Nachrichten # &#8222;&#8230; Entdeckungsreise im Gew\u00f6hnlichen &#8230;&#8220; Drau\u00dfen # &#8222;&#8230; sucht und findet \u00c4sthetik in beinahe jedem Winkel &#8230;&#8220;\u00a0 Ultimo<strong><\/strong><\/p>\n<p style=\"text-align: left;\">Der Fotograf und K\u00fcnstler Wilm Weppelmann sammelte im April und Mai 2004 Bilder und Lebenslandschaften der Nacht in M\u00fcnster. Orte, Menschen, Allt\u00e4gliches, Ereignisse, Schatten, Kuriosa, Dramen und Leidenschaften f\u00fcgen sich zu einer faszinierenden Spurensuche in Schwarz-Wei\u00df. &#8222;Der Schwerpunkt liegt nicht darauf, das besondere Lokalkolorit herauszuarbeiten oder touristische Pfade abzulichten, sondern die breite Palette des n\u00e4chtlichen Stadtlebens einzufangen und ganz unscheinbare Orte mit einer \u00fcberraschenden Hell-Dunkel-\u00c4sthetik aufzugreifen&#8220;, erl\u00e4utert Wilm Weppelmann.<\/p>\n<p style=\"text-align: center;\"><strong><a href=\"http:\/\/www.weppelmann.de\/wp-content\/uploads\/2014\/01\/100_0073-klein.jpg\"><img loading=\"lazy\" decoding=\"async\" class=\"aligncenter size-medium wp-image-772\" alt=\"100_0073 klein\" src=\"http:\/\/www.weppelmann.de\/wp-content\/uploads\/2014\/01\/100_0073-klein-300x200.jpg\" width=\"300\" height=\"200\" srcset=\"http:\/\/www.weppelmann.de\/wp-content\/uploads\/2014\/01\/100_0073-klein-300x200.jpg 300w, http:\/\/www.weppelmann.de\/wp-content\/uploads\/2014\/01\/100_0073-klein.jpg 354w\" sizes=\"auto, (max-width: 300px) 100vw, 300px\" \/><\/a><\/strong><\/p>\n<p style=\"text-align: center;\"><a href=\"http:\/\/www.weppelmann.de\/wp-content\/uploads\/2014\/01\/07_Gr\u00f6\u00dfenver\u00e4nderung.jpg\"><img loading=\"lazy\" decoding=\"async\" class=\"aligncenter size-full wp-image-779\" alt=\"07_Gr\u00f6\u00dfenver\u00e4nderung\" src=\"http:\/\/www.weppelmann.de\/wp-content\/uploads\/2014\/01\/07_Gr\u00f6\u00dfenver\u00e4nderung.jpg\" width=\"198\" height=\"141\" \/><\/a><\/p>\n<p><a href=\"http:\/\/www.weppelmann.de\/wp-content\/uploads\/2014\/01\/29_Gr\u00f6\u00dfenver\u00e4nderung.jpg\"><img loading=\"lazy\" decoding=\"async\" class=\"aligncenter size-full wp-image-778\" alt=\"29_Gr\u00f6\u00dfenver\u00e4nderung\" src=\"http:\/\/www.weppelmann.de\/wp-content\/uploads\/2014\/01\/29_Gr\u00f6\u00dfenver\u00e4nderung.jpg\" width=\"198\" height=\"141\" \/><\/a><\/p>\n<p><a href=\"http:\/\/www.weppelmann.de\/wp-content\/uploads\/2014\/01\/28_Gr\u00f6\u00dfenver\u00e4nderung.jpg\"><img loading=\"lazy\" decoding=\"async\" class=\"aligncenter size-full wp-image-782\" alt=\"28_Gr\u00f6\u00dfenver\u00e4nderung\" src=\"http:\/\/www.weppelmann.de\/wp-content\/uploads\/2014\/01\/28_Gr\u00f6\u00dfenver\u00e4nderung.jpg\" width=\"200\" height=\"141\" \/><\/a><\/p>\n<p><a href=\"http:\/\/www.weppelmann.de\/wp-content\/uploads\/2014\/01\/34_Gr\u00f6\u00dfenver\u00e4nderung.jpg\"><img loading=\"lazy\" decoding=\"async\" class=\"aligncenter size-medium wp-image-783\" alt=\"34_Gr\u00f6\u00dfenver\u00e4nderung\" src=\"http:\/\/www.weppelmann.de\/wp-content\/uploads\/2014\/01\/34_Gr\u00f6\u00dfenver\u00e4nderung.jpg\" width=\"201\" height=\"141\" \/><\/a><\/p>\n<p><a href=\"http:\/\/www.weppelmann.de\/wp-content\/uploads\/2014\/01\/35_Gr\u00f6\u00dfenver\u00e4nderung.jpg\"><img loading=\"lazy\" decoding=\"async\" class=\"aligncenter size-medium wp-image-784\" alt=\"35_Gr\u00f6\u00dfenver\u00e4nderung\" src=\"http:\/\/www.weppelmann.de\/wp-content\/uploads\/2014\/01\/35_Gr\u00f6\u00dfenver\u00e4nderung.jpg\" width=\"203\" height=\"141\" \/><\/a><\/p>\n<\/div>","protected":false},"excerpt":{"rendered":"<p>&#8222;Gute Nacht M\u00fcnster &#8211; Fotografien von Wilm Weppelmann&#8220; Stadtmuseum M\u00fcnster vom 6.6. &#8211; 19.9.2004 Dokumentation: Reportage TV M\u00fcnster August 2004<\/p>\n","protected":false},"author":2,"featured_media":785,"comment_status":"open","ping_status":"open","sticky":false,"template":"","format":"standard","meta":{"footnotes":""},"categories":[1,5,6,30],"tags":[10,18,27,28],"class_list":["post-781","post","type-post","status-publish","format-standard","has-post-thumbnail","hentry","category-allgemein","category-fotografie","category-kunst","category-ausstellung","tag-ausstellung","tag-archiv","tag-kunst","tag-fotografie"],"_links":{"self":[{"href":"http:\/\/www.weppelmann.de\/index.php?rest_route=\/wp\/v2\/posts\/781","targetHints":{"allow":["GET"]}}],"collection":[{"href":"http:\/\/www.weppelmann.de\/index.php?rest_route=\/wp\/v2\/posts"}],"about":[{"href":"http:\/\/www.weppelmann.de\/index.php?rest_route=\/wp\/v2\/types\/post"}],"author":[{"embeddable":true,"href":"http:\/\/www.weppelmann.de\/index.php?rest_route=\/wp\/v2\/users\/2"}],"replies":[{"embeddable":true,"href":"http:\/\/www.weppelmann.de\/index.php?rest_route=%2Fwp%2Fv2%2Fcomments&post=781"}],"version-history":[{"count":6,"href":"http:\/\/www.weppelmann.de\/index.php?rest_route=\/wp\/v2\/posts\/781\/revisions"}],"predecessor-version":[{"id":903,"href":"http:\/\/www.weppelmann.de\/index.php?rest_route=\/wp\/v2\/posts\/781\/revisions\/903"}],"wp:featuredmedia":[{"embeddable":true,"href":"http:\/\/www.weppelmann.de\/index.php?rest_route=\/wp\/v2\/media\/785"}],"wp:attachment":[{"href":"http:\/\/www.weppelmann.de\/index.php?rest_route=%2Fwp%2Fv2%2Fmedia&parent=781"}],"wp:term":[{"taxonomy":"category","embeddable":true,"href":"http:\/\/www.weppelmann.de\/index.php?rest_route=%2Fwp%2Fv2%2Fcategories&post=781"},{"taxonomy":"post_tag","embeddable":true,"href":"http:\/\/www.weppelmann.de\/index.php?rest_route=%2Fwp%2Fv2%2Ftags&post=781"}],"curies":[{"name":"wp","href":"https:\/\/api.w.org\/{rel}","templated":true}]}}