{"id":826,"date":"2014-01-28T09:20:34","date_gmt":"2014-01-28T07:20:34","guid":{"rendered":"http:\/\/www.weppelmann.de\/?p=826"},"modified":"2014-01-28T10:29:34","modified_gmt":"2014-01-28T08:29:34","slug":"archiv-wilm-weppelmann-2006","status":"publish","type":"post","link":"http:\/\/www.weppelmann.de\/?p=826","title":{"rendered":"Archiv Wilm Weppelmann: 2006"},"content":{"rendered":"<div class=\"pf-content\"><p style=\"text-align: center;\"><a href=\"http:\/\/www.weppelmann.de\/wp-content\/uploads\/2014\/01\/Der-Garten-11.jpg\"><img loading=\"lazy\" decoding=\"async\" class=\"aligncenter size-medium wp-image-831\" alt=\"Der-Garten-1\" src=\"http:\/\/www.weppelmann.de\/wp-content\/uploads\/2014\/01\/Der-Garten-11-300x225.jpg\" width=\"300\" height=\"225\" srcset=\"http:\/\/www.weppelmann.de\/wp-content\/uploads\/2014\/01\/Der-Garten-11-300x225.jpg 300w, http:\/\/www.weppelmann.de\/wp-content\/uploads\/2014\/01\/Der-Garten-11.jpg 354w\" sizes=\"auto, (max-width: 300px) 100vw, 300px\" \/><\/a><a href=\"http:\/\/www.weppelmann.de\/wp-content\/uploads\/2014\/01\/Flyer-Freie-Gartenakademie_Seite_1-klein.jpg\"><img loading=\"lazy\" decoding=\"async\" class=\"aligncenter  wp-image-833\" alt=\"Flyer Freie Gartenakademie_Seite_1 klein\" src=\"http:\/\/www.weppelmann.de\/wp-content\/uploads\/2014\/01\/Flyer-Freie-Gartenakademie_Seite_1-klein-144x300.jpg\" width=\"144\" height=\"300\" srcset=\"http:\/\/www.weppelmann.de\/wp-content\/uploads\/2014\/01\/Flyer-Freie-Gartenakademie_Seite_1-klein-144x300.jpg 144w, http:\/\/www.weppelmann.de\/wp-content\/uploads\/2014\/01\/Flyer-Freie-Gartenakademie_Seite_1-klein.jpg 236w\" sizes=\"auto, (max-width: 144px) 100vw, 144px\" \/><\/a><\/p>\n<p style=\"text-align: center;\"><a title=\"Archiv Wilm Weppelmann: 2006 Gr\u00fcndung \u201cFreie Gartenakademie\u201d\" href=\"http:\/\/www.weppelmann.de\/?p=838\"><strong>1. Freie Gartenakademie 2006 vom 7.6. bis 23.8.2006<\/strong><\/a><\/p>\n<p>Mit einem Vortrag von Dr. Andreas Mussenbrock &#8222;Jeder Garten ist Philosphie&#8220; (Autor v<a href=\"http:\/\/www.termin-mit-kant.de\" target=\"_blank\">on &#8222;Termin mit Kant&#8220; dtv Verlag<\/a>) wurde die internationale Kulturveranstaltungsreihe &#8222;Freie Gartenakademie&#8220; am 7.6.2006 gestart. Thema ist der Garten in allen \u201cexistentiellen, \u00f6kologischen, philosophischen, sozialen und kulturellen Dimensionen\u201d.<\/p>\n<p>In aller Kuriosit\u00e4t und Konsequenz: Der Ort der Veranstaltungen ist der Schrebergarten von Wilm Weppelmann in einer M\u00fcnsteraner Kleingartenanlage. W\u00e4hrend der Sommermonate Juni bis September \u00f6ffnet sich dieser normale Gem\u00fcse- und Kr\u00e4utergarten f\u00fcr Lesungen, Vortr\u00e4ge, Diskussionen, Pr\u00e4sentationen, und Konzerte. Seit dem 17. April 2007 arbeitet die Freie Gartenakademie als eingetragener Verein und entwickelt dar\u00fcber hinaus noch weitere gartenkulturelle Initiative und Veranstaltungen.<\/p>\n<p>Eine ausf\u00fchrliche Programm\u00fcbersicht finden Sie auf der Webseite: <a href=\"http:\/\/www.gartenakademie.org\" target=\"_blank\">www.gartenakademie.org<\/a><\/p>\n<p style=\"text-align: center;\"><img loading=\"lazy\" decoding=\"async\" class=\"aligncenter  wp-image-821\" alt=\"Einladungskarte Seite 1 klein\" src=\"http:\/\/www.weppelmann.de\/wp-content\/uploads\/2014\/01\/Einladungskarte-Seite-1-klein-300x145.jpg\" width=\"300\" height=\"145\" srcset=\"http:\/\/www.weppelmann.de\/wp-content\/uploads\/2014\/01\/Einladungskarte-Seite-1-klein-300x145.jpg 300w, http:\/\/www.weppelmann.de\/wp-content\/uploads\/2014\/01\/Einladungskarte-Seite-1-klein.jpg 383w\" sizes=\"auto, (max-width: 300px) 100vw, 300px\" \/><a href=\"http:\/\/www.weppelmann.de\/wp-content\/uploads\/2014\/01\/IMG_5443_Gr%C3%B6%C3%9Fenver%C3%A4nderung.jpg\"><img loading=\"lazy\" decoding=\"async\" class=\"aligncenter  wp-image-822\" alt=\"IMG_5443_Gr\u00f6\u00dfenver\u00e4nderung\" src=\"http:\/\/www.weppelmann.de\/wp-content\/uploads\/2014\/01\/IMG_5443_Gr%C3%B6%C3%9Fenver%C3%A4nderung.jpg\" width=\"302\" height=\"200\" \/><\/a><\/p>\n<p style=\"text-align: center;\"><strong>\u201cDie letzte Zukunft \u2013 Fotografien und andere Fragen von Wilm Weppelmann\u201d<\/strong><\/p>\n<p style=\"text-align: center;\">Rathaus der Gemeinde Everswinkel 24.9. bis 22.10.2006<\/p>\n<p style=\"text-align: left;\">\u201c\u2026 es gibt nur eine Zukunft und das ist die n\u00e4chste, wenn wir wissen was Zukunft war, ist das schon Gegenwart und Vergangenheit zugleich, also das Letzte ist das N\u00e4chste, aber dieses Letzte k\u00f6nnen wir nicht wissen, es gibt eigentlich nichts abschlie\u00dfendes in diesem Begriff Zukunft ..\u201d<\/p>\n<p style=\"text-align: center;\">Reihen:\u00a0 Tableau \u201chundert portr\u00e4ts und ein satz\u201d # PROSPECTS \/Aussichten # CONCERNS \/Besorgnis\u00a0 # insgesamt etwa 120 SW-Fotoarbeiten<\/p>\n<\/div>","protected":false},"excerpt":{"rendered":"<p>1. Freie Gartenakademie 2006 vom 7.6. bis 23.8.2006 Mit einem Vortrag von Dr. Andreas Mussenbrock &#8222;Jeder Garten ist Philosphie&#8220; (Autor<\/p>\n","protected":false},"author":2,"featured_media":835,"comment_status":"open","ping_status":"open","sticky":false,"template":"","format":"standard","meta":{"footnotes":""},"categories":[1,6,30,14],"tags":[27,10,11,18,19,22],"class_list":["post-826","post","type-post","status-publish","format-standard","has-post-thumbnail","hentry","category-allgemein","category-kunst","category-ausstellung","category-gartenkunst","tag-kunst","tag-ausstellung","tag-gartenkultur","tag-archiv","tag-portraetfotografie","tag-zukunft"],"_links":{"self":[{"href":"http:\/\/www.weppelmann.de\/index.php?rest_route=\/wp\/v2\/posts\/826","targetHints":{"allow":["GET"]}}],"collection":[{"href":"http:\/\/www.weppelmann.de\/index.php?rest_route=\/wp\/v2\/posts"}],"about":[{"href":"http:\/\/www.weppelmann.de\/index.php?rest_route=\/wp\/v2\/types\/post"}],"author":[{"embeddable":true,"href":"http:\/\/www.weppelmann.de\/index.php?rest_route=\/wp\/v2\/users\/2"}],"replies":[{"embeddable":true,"href":"http:\/\/www.weppelmann.de\/index.php?rest_route=%2Fwp%2Fv2%2Fcomments&post=826"}],"version-history":[{"count":2,"href":"http:\/\/www.weppelmann.de\/index.php?rest_route=\/wp\/v2\/posts\/826\/revisions"}],"predecessor-version":[{"id":841,"href":"http:\/\/www.weppelmann.de\/index.php?rest_route=\/wp\/v2\/posts\/826\/revisions\/841"}],"wp:featuredmedia":[{"embeddable":true,"href":"http:\/\/www.weppelmann.de\/index.php?rest_route=\/wp\/v2\/media\/835"}],"wp:attachment":[{"href":"http:\/\/www.weppelmann.de\/index.php?rest_route=%2Fwp%2Fv2%2Fmedia&parent=826"}],"wp:term":[{"taxonomy":"category","embeddable":true,"href":"http:\/\/www.weppelmann.de\/index.php?rest_route=%2Fwp%2Fv2%2Fcategories&post=826"},{"taxonomy":"post_tag","embeddable":true,"href":"http:\/\/www.weppelmann.de\/index.php?rest_route=%2Fwp%2Fv2%2Ftags&post=826"}],"curies":[{"name":"wp","href":"https:\/\/api.w.org\/{rel}","templated":true}]}}