{"id":838,"date":"2014-01-28T10:28:47","date_gmt":"2014-01-28T08:28:47","guid":{"rendered":"http:\/\/www.weppelmann.de\/?p=838"},"modified":"2015-04-04T18:33:22","modified_gmt":"2015-04-04T16:33:22","slug":"archiv-wilm-weppelmann-2006-gruendung-freie-gartenakademie","status":"publish","type":"post","link":"http:\/\/www.weppelmann.de\/?p=838","title":{"rendered":"Archiv 2006: Gr\u00fcndung &#8222;Freie Gartenakademie&#8220;"},"content":{"rendered":"<div class=\"pf-content\"><p style=\"text-align: center;\"><a href=\"http:\/\/www.weppelmann.de\/wp-content\/uploads\/2014\/01\/Der-Garten-11.jpg\"><img loading=\"lazy\" decoding=\"async\" class=\"aligncenter size-medium wp-image-831\" src=\"http:\/\/www.weppelmann.de\/wp-content\/uploads\/2014\/01\/Der-Garten-11-300x225.jpg\" alt=\"Der-Garten-1\" width=\"300\" height=\"225\" srcset=\"http:\/\/www.weppelmann.de\/wp-content\/uploads\/2014\/01\/Der-Garten-11-300x225.jpg 300w, http:\/\/www.weppelmann.de\/wp-content\/uploads\/2014\/01\/Der-Garten-11.jpg 354w\" sizes=\"auto, (max-width: 300px) 100vw, 300px\" \/><\/a><a href=\"http:\/\/www.weppelmann.de\/wp-content\/uploads\/2014\/01\/Flyer-Freie-Gartenakademie_Seite_1-klein.jpg\"><img loading=\"lazy\" decoding=\"async\" class=\"aligncenter  wp-image-833\" src=\"http:\/\/www.weppelmann.de\/wp-content\/uploads\/2014\/01\/Flyer-Freie-Gartenakademie_Seite_1-klein-144x300.jpg\" alt=\"Flyer Freie Gartenakademie_Seite_1 klein\" width=\"144\" height=\"300\" srcset=\"http:\/\/www.weppelmann.de\/wp-content\/uploads\/2014\/01\/Flyer-Freie-Gartenakademie_Seite_1-klein-144x300.jpg 144w, http:\/\/www.weppelmann.de\/wp-content\/uploads\/2014\/01\/Flyer-Freie-Gartenakademie_Seite_1-klein.jpg 236w\" sizes=\"auto, (max-width: 144px) 100vw, 144px\" \/><\/a><\/p>\n<p style=\"text-align: center;\"><strong>1. Freie Gartenakademie 2006 vom 7.6. bis 23.8.2006<\/strong><\/p>\n<p>Mit einem Vortrag von Dr. Andreas Mussenbrock &#8222;Jeder Garten ist Philosphie&#8220; (Autor v<a href=\"http:\/\/www.termin-mit-kant.de\" target=\"_blank\">on &#8222;Termin mit Kant&#8220; dtv Verlag<\/a>) wurde die internationale Kulturveranstaltungsreihe &#8222;Freie Gartenakademie&#8220; am 7.6.2006 gestart. Thema ist der Garten in allen \u201cexistentiellen, \u00f6kologischen, philosophischen, sozialen und kulturellen Dimensionen\u201d.<\/p>\n<p>In aller Kuriosit\u00e4t und Konsequenz: Der Ort der Veranstaltungen ist der Schrebergarten von Wilm Weppelmann in einer M\u00fcnsteraner Kleingartenanlage. W\u00e4hrend der Sommermonate Juni bis September \u00f6ffnet sich dieser normale Gem\u00fcse- und Kr\u00e4utergarten f\u00fcr Lesungen, Vortr\u00e4ge, Diskussionen, Pr\u00e4sentationen, und Konzerte. Seit dem 17. April 2007 arbeitet die Freie Gartenakademie als eingetragener Verein und entwickelt dar\u00fcber hinaus noch weitere gartenkulturelle Initiative und Veranstaltungen. 2012 wurde der Verein umbenannt in &#8222;Kulturgr\u00fcn e. V.&#8220; Vorsitzender ist der K\u00fcnstler Wilm Weppelmann.<\/p>\n<p>Eine ausf\u00fchrliche Programm\u00fcbersicht finden Sie auf der Webseite: <a href=\"http:\/\/www.gartenakademie.org\" target=\"_blank\">www.gartenakademie.org<\/a><\/p>\n<p style=\"text-align: center;\"><strong>Programm G\u00e4ste:<\/strong><\/p>\n<p># <strong>2006:<\/strong> Dr. Andreas Mussenbrock, Heinz Dalm\u00fchle (*6.6.1953 \u2013 \u2020 25.12.2011) , Ruppe Koselleck, Rainer Schepper, Kindergarten Feldm\u00e4use, Ensemble SAXOMANIA #<strong> 2007:<\/strong> Dr. Arne Moritz, Ursula Reinhard, Daniel Sprenger, Dr. Elisabeth Meyer-Renschhausen, Timm Ulrichs, Roger Trash (* 29.5.1959 \u2013 \u2020 31.08.2011) , Dr. Nana Hartig, Bertram Weisshaar, Gudula Rosa, Andreas Niepel, Tobias Sudhoff, Stefan Leppert, Christoph Beninde, Dr. Heidi Lorey, Dr. Christa M\u00fcller, Blechbl\u00e4serensemble Galaxy Brass, Alfred Holtmann # <strong>2008<\/strong>: Prof. Dr. Ferdinand Fellmann, Andreas Ladwig, Hermann Gr\u00f6ne, Trio Klare.Siegel.Camata, Gunther Keusen und Thomas Witzmann, Dr. Thomas H\u00f6velmann, J\u00fcrgen Lemke, Rainer Schepper, Ilga Eger, Hanspeter Padrutt, Christian Palm und Philipp Armbruster # <strong>2009:<\/strong> Dr. Hans von Trotha, Anoosha Golastaneh und Clemens Rave, Richard Reynolds, Hannes Demming, Prof. Dr. Reinhold Zwick, Fernando Gonzalez, Eden Project mit Howard Jones und Paul Stone, Dr. Vera Alexander, G\u00fcnter Mader, Gudula Rosa und Prof. Ulrich Rademacher, Dr. Marie-Luise Egbert, Dr. Heiko Postma, Robert Paterson &amp; Jim Paterson, Klaus Oestreich #<strong> 2010:<\/strong> Dr. Frieder Lauxmann, Frau Elfriede M\u00f6llenbaum, Stefan Leppert, Werner Heidemann, Prof. David Crouch, Timm Ulrichs, Pitt Hartmann, Carsten Bender, Johannes Fundermann, Dirk Jensen, Bass-Saxophon-Quartett Deep Schrott, Dr. Elisabeth Meyer-Renschhausen, Prof. Dr. Gert Gr\u00f6ning, Rainer Schepper, Prof. Dr. Gerlinde Krause, Volker Gerling, Duo The Royal Squeeze Box und Gabriele Br\u00fcning # <strong>2011:<\/strong> Prof. Dr. Klaus Michael Meyer-Abich, Dr. Christa M\u00fcller, Prof. Dr. J\u00fcrgen Milchert, The Spirit of Moondog, Maurice Maggi, Konrad Neuberger, Ivan Hicks, Rachel Hutchinson, Stefan Steinh\u00e4user, Robert Shaw, Dr. Marlies Ortner, Anne Klare und Andreas K\u00fcper-Wohlers, Dr. Brigitte Franzen, Prof. Dr. Gert Gr\u00f6ning, Ralf G\u00fcnther, Karl Heinz Jeron, Gabriele Br\u00fcning\u201a Walter Kassela und Hans-Joachim Puppa #<strong> 2012:<\/strong> Prof. Dr. Peter Cornelius Mayer-Tasch, Prof. Dr. Gerhard Trommer, Ensemble Reload Futura, Compagnie 2K_FAR, Rochus Aust, Dr. Matthias N\u00f6llke, Prof. George McKay, Bernd Geiling, Dr. Florian G\u00fc\u00dfgen, Prof. Dr. David E. Cooper, Martin Rasper, Rainer Schepper, Dr. Hans Gerhold, Ulrich Grober, Prof. Dr. Stefan Rieger, Ensemble Das blaue Einhorn (der Wille z\u00e4hlt)#<strong> 2013:<\/strong> Prof. Dr. Irmela Hijiya-Kirschnereit, Prof. Dr. Max J. Kobbert, Prof. Dr. Erwin-Josef Speckmann, Dr. Hildegard Speckmann, Zensho Shimokawa, Prof. Dr. Gert Gr\u00f6ning, Beate Reker, Hideaki Bunno, Michinobu Kato, Noriaki Ishii, Naoyuki Manabe, Heinz-Dieter Reese, Boris Hegenbart, Dorin Genpo, Gudula Rosa, Dr. Lydia Br\u00fcll, Dr. Hans Gerhold, Benno Fritzen, Gabriele Br\u00fcning, Werner M. Busch, Sandra Freitag, Prof. Dr. Christine Thomas, Tsutomu Ozeki, Armin Biermann, Yumiko Okano, Elisabeth Rave, Prof. Dr. Lisette Gebhardt, Beatrice Kromp und Naoko Kikuchi # <strong>2014:<\/strong> Prof. Dr. Stefan Schweizer, Fran\u00e7oise Hynek, Peter Urban-Halle, Susanne von B\u00fclow, Ruppe Koselleck, Prof. Dr. Gerhard Stickel, Henny R\u00f6nneper, Christiane Landgrebe, Prof. Dr. Roland Doschka, Eva Hase, Dr. Frank Maier-Solgk, Dr. Hans Gerhold,\u00a0 Jean-Claude S\u00e9f\u00e9rian, Christiane S\u00e9f\u00e9rian, Prof. Karl H. C. Ludwig, C\u00e9cile Corbel,\u00a0 Cyril Maurin,\u00a0 Pascal Boucaud, Simon Caby <strong># 2015:<br \/>\n<\/strong><\/p>\n<address><strong>Programme:<\/strong><\/address>\n<address>2006 (7. Juni \u2013 23. August): \u201eJeder Garten ist Philosophie&#8220;<\/address>\n<address>2007 (21. Juni \u2013 22. September): \u201eDie Zukunft ist ein Garten&#8220;<\/address>\n<address>2008 (21. Juni \u2013 17. August): \u201eWenn kein Winter ist&#8220;<\/address>\n<address>2009 (24. Juni \u2013 23. August): \u201eDie Insel der G\u00e4rtner \u2013 The Isle of the Gardeners&#8220;<\/address>\n<address>2010 (21. Juni \u2013 22. August): \u201eWer hat Angst vorm Schrebergarten! Klischee und Kultur&#8220;<\/address>\n<address>2011 (21. Juni \u2013 21. August): \u201eAlles ist Garten&#8220;<\/address>\n<address>2012 (22. Juni \u2013 31. August): \u201eDer letzte Garten \u2013 der Garten der Menschheit&#8220;<\/address>\n<address>2013 (15. Juni &#8211; 18. August): \u201eDie Kultur der Natur &#8211; N\u00e4herungen Japan&#8220;<\/address>\n<address>2014 (19. Juni &#8211; 24. August): &#8222;La vie, la vie et le jardin &#8211; Das Leben, das Leben und der Garten&#8220;<\/address>\n<address>2015 (13. Juni &#8211; 23. August): &#8222;Meine Stadt ist mein Garten&#8220;<\/address>\n<p style=\"text-align: center;\"><strong><span id=\"Literatur\" class=\"mw-headline\">Literatur<\/span><\/strong><\/p>\n<ul>\n<li>Stefan Leppert: \u201eParadies mit Laube\u201c S. 109 ff. M\u00fcnchen: DVA 2009, <span class=\"internal mw-magiclink-isbn\">ISBN 978-3-421-03689-6<\/span><\/li>\n<li>Raether-Kl\u00fcnker\/Rettenmeier: \u201eAbenteuerurlaub in Deutschland\u201c S. 158 ff. M\u00fcnchen: Polyglott 2008, <span class=\"internal mw-magiclink-isbn\">ISBN 978-3-493-60115-2<\/span><\/li>\n<\/ul>\n<p style=\"text-align: center;\"><strong>\u00a0Fernsehberichte: Auswahl <\/strong><\/p>\n<p><a href=\"http:\/\/www.youtube.com\/watch?v=nwhOfwr0dxM\"><strong>23.6.2007 WDR 3 Fernsehen<\/strong> <\/a>&#8220; Film zur Er\u00f6ffnung der 2. Freien Gartenakademie M\u00fcnster 21.6.2007 mit dem Philosophen Dr. Arne Moritz\/ Halle und dem K\u00fcnstler Wilm Weppelmann \/ M\u00fcnsteR<\/p>\n<p><a href=\"http:\/\/www.youtube.com\/watch?v=AK8hTflC47M\">7.7.2009 WDR 3 Fernsehen west.art\u00a0\u00a0<\/a><strong>Deutschlandpremiere<\/strong> des Buches &#8222;Guerilla Gardening \u2013 Ein botanisches Manifest&#8220; : Der englische Kultautor und -g\u00e4rtner Richard Reynolds besuchte am 4.7.2009 zu einem &#8222;talk with a walk&#8220; die Freie Gartenakademie des deutschen K\u00fcnstlers Wilm Weppelmann in M\u00fcnster\/Westfalen. Zu n\u00e4chtlicher Stunde bepflanzten sie gemeinsam eine Verkehrsinsel an der Gartenstra\u00dfe in der N\u00e4he der Justizvollzugsanstalt M\u00fcnster<\/p>\n<p><a href=\"http:\/\/www.youtube.com\/watch?v=gLmL0LLxhoA\">6.7.2011 wm-tv\u00a0<\/a> &#8222;Tausende von Besuchern str\u00f6men seit Jahren in eine Schrebergartenkolonie in M\u00fcnster. Hier veranstaltet der K\u00fcnstler Wilm Weppelmann zum sechsten Mal die \u201eFreie Gartenakademie\u201c &#8230;&#8220;<\/p>\n<p style=\"text-align: center;\"><strong>Besondere Zeitungs- und Zeitschriftenbeitr\u00e4ge : Auswahl<\/strong><\/p>\n<p style=\"text-align: left;\"><a href=\"http:\/\/www.welt.de\/welt_print\/vermischtes\/article8113462\/Zwischen-Kant-und-Kuerbis.html\">Welt am Sonntag 20.6.2010: <\/a>&#8222;Zwischen Kant und K\u00fcrbis&#8220; Wilm Weppelmann ist K\u00fcnstler und Philosoph, aber auch Schreberg\u00e4rtner. Jeden Sommer bringt der M\u00fcnsteraner all dies in seiner &#8222;freien Gartenakademie&#8220; zusammen. Ein fruchtbares Projekt &#8230;&#8230;<\/p>\n<p style=\"text-align: left;\">Wandermagazin Nr. 163 M\u00e4rz\/April 2012 Seite 84 bis 87 :\u00a0 <a href=\"http:\/\/www.wandermagazin.de\/page.asp?pageID=2731\">&#8222;Wilde Triebe im Schrebergarten &#8211; Guerilla-Gardening&#8220; <\/a><\/p>\n<p>&nbsp;<\/p>\n<\/div>","protected":false},"excerpt":{"rendered":"<p>1. Freie Gartenakademie 2006 vom 7.6. bis 23.8.2006 Mit einem Vortrag von Dr. Andreas Mussenbrock &#8222;Jeder Garten ist Philosphie&#8220; (Autor<\/p>\n","protected":false},"author":2,"featured_media":839,"comment_status":"open","ping_status":"open","sticky":false,"template":"","format":"standard","meta":{"footnotes":""},"categories":[1,6,14],"tags":[11,13,15,18,23],"class_list":["post-838","post","type-post","status-publish","format-standard","has-post-thumbnail","hentry","category-allgemein","category-kunst","category-gartenkunst","tag-gartenkultur","tag-guerilla-gardening","tag-konzeptkunst","tag-archiv","tag-freie-gartenakademie"],"_links":{"self":[{"href":"http:\/\/www.weppelmann.de\/index.php?rest_route=\/wp\/v2\/posts\/838","targetHints":{"allow":["GET"]}}],"collection":[{"href":"http:\/\/www.weppelmann.de\/index.php?rest_route=\/wp\/v2\/posts"}],"about":[{"href":"http:\/\/www.weppelmann.de\/index.php?rest_route=\/wp\/v2\/types\/post"}],"author":[{"embeddable":true,"href":"http:\/\/www.weppelmann.de\/index.php?rest_route=\/wp\/v2\/users\/2"}],"replies":[{"embeddable":true,"href":"http:\/\/www.weppelmann.de\/index.php?rest_route=%2Fwp%2Fv2%2Fcomments&post=838"}],"version-history":[{"count":6,"href":"http:\/\/www.weppelmann.de\/index.php?rest_route=\/wp\/v2\/posts\/838\/revisions"}],"predecessor-version":[{"id":1298,"href":"http:\/\/www.weppelmann.de\/index.php?rest_route=\/wp\/v2\/posts\/838\/revisions\/1298"}],"wp:featuredmedia":[{"embeddable":true,"href":"http:\/\/www.weppelmann.de\/index.php?rest_route=\/wp\/v2\/media\/839"}],"wp:attachment":[{"href":"http:\/\/www.weppelmann.de\/index.php?rest_route=%2Fwp%2Fv2%2Fmedia&parent=838"}],"wp:term":[{"taxonomy":"category","embeddable":true,"href":"http:\/\/www.weppelmann.de\/index.php?rest_route=%2Fwp%2Fv2%2Fcategories&post=838"},{"taxonomy":"post_tag","embeddable":true,"href":"http:\/\/www.weppelmann.de\/index.php?rest_route=%2Fwp%2Fv2%2Ftags&post=838"}],"curies":[{"name":"wp","href":"https:\/\/api.w.org\/{rel}","templated":true}]}}