{"id":843,"date":"2014-01-28T10:43:47","date_gmt":"2014-01-28T08:43:47","guid":{"rendered":"http:\/\/www.weppelmann.de\/?p=843"},"modified":"2014-02-07T06:33:09","modified_gmt":"2014-02-07T04:33:09","slug":"archiv-2006-projekt-die-letzte-zukunft","status":"publish","type":"post","link":"http:\/\/www.weppelmann.de\/?p=843","title":{"rendered":"Archiv 2006: &#8222;Die letzte Zukunft &#8211; Reihe: prospects&#8220;"},"content":{"rendered":"<div class=\"pf-content\"><p style=\"text-align: left;\"><a href=\"http:\/\/www.weppelmann.de\/wp-content\/uploads\/2014\/01\/Einladungskarte-Seite-1-klein.jpg\"><img loading=\"lazy\" decoding=\"async\" class=\"aligncenter size-medium wp-image-821\" alt=\"Einladungskarte Seite 1 klein\" src=\"http:\/\/www.weppelmann.de\/wp-content\/uploads\/2014\/01\/Einladungskarte-Seite-1-klein-300x145.jpg\" width=\"300\" height=\"145\" srcset=\"http:\/\/www.weppelmann.de\/wp-content\/uploads\/2014\/01\/Einladungskarte-Seite-1-klein-300x145.jpg 300w, http:\/\/www.weppelmann.de\/wp-content\/uploads\/2014\/01\/Einladungskarte-Seite-1-klein.jpg 383w\" sizes=\"auto, (max-width: 300px) 100vw, 300px\" \/><\/a><strong><\/strong><\/p>\n<p style=\"text-align: left;\"><strong>Im Rahmen der Ausstellung \u201cDie letzte Zukunft \u2013 Fotografien und andere Fragen von Wilm Weppelmann\u201d wurde 2006 auch die Konzeptfotoreihe &#8222;Prospects # Aussichten&#8220; verwirklicht &#8230;<\/strong><\/p>\n<p style=\"text-align: left;\">\u201c\u2026 es gibt nur eine Zukunft und das ist die n\u00e4chste, wenn wir wissen was Zukunft war, ist das schon Gegenwart und Vergangenheit zugleich, also das Letzte ist das N\u00e4chste, aber dieses Letzte k\u00f6nnen wir nicht wissen, es gibt eigentlich nichts abschlie\u00dfendes in diesem Begriff Zukunft ..\u201d WW 2006<\/p>\n<p style=\"text-align: left;\">&#8222;Children are the only form of immortality that we can be sure of.&#8220; Sir Peter Alexander Ustinov\u00a0 ( 1921 \u2013 2004)<\/p>\n<p style=\"text-align: left;\">&#8222;Die Kinder sind der Fortschritt selbst &#8211; vertraut dem Kinde.&#8220; Rainer Maria Rilke (1875 &#8211; 1926) in &#8222;Das Jahrhundert des Kindes&#8220; 1902<\/p>\n<p style=\"text-align: left;\">&#8222;Whereas mankind owes to the child the best it has to give ..&#8220; DECLARATION OF THE RIGHTS OF THE CHILD &#8211; UN General Assembly 2 September 1990<\/p>\n<p style=\"text-align: left;\">Aus einem Radiointerview im\u00a0 September 2006 : &#8222;Als ich mit dem Kunstverein ein erstes Mal \u00fcber die Ausstellung sprach, hatte ich angedeutet, dass ich auch einen direkten Bezug zur Stadt herstellen w\u00fcrde, so habe ich auf einem Sonntag eine kleinen Exkursion durchgef\u00fchrt, und den Leuten, die ich auf der Strasse traf, die verschiedensten, einfachen, komplizierten, unm\u00f6glichen Fragen gestellt, und irgendwann sagte mir jemand, auf die Frage, was es denn hier besonderes g\u00e4be,\u00a0 ja, viele kinderreiche Familien \u2013 da hatte ich mein Zukunftsthema, Kinder als Zukunftsentwurf. Der n\u00e4chste Schritt war, an diesem Punkt in die Tiefe zu gehen, so fand ich zwei Familien, die aus dem Rahmen fielen. Die Familie Ottens mit zehn Kindern und die Familie van Dijk mit acht\u00a0 Kindern. Beide Familien konnte ich \u00fcberzeugen, an der Fotoreihe &#8222;prospects\/Aussichten&#8220; teilzunehmen. So ist in der Ausstellung jeweils ein neutrales Familienbild und ein Einzelportr\u00e4t\/Ganzk\u00f6rper der 18 Kinder vertreten, aber gekoppelt mit Texten <strong>aus<\/strong> dem jeweiligen Geburtsjahr der Kinder zum Thema Zukunft: Prognosen, Einsch\u00e4tzungen etc.. eine besondere Zitatsammlung mit oft gegenl\u00e4ufigen Stilbl\u00fcten &#8230; &#8222;<\/p>\n<p style=\"text-align: center;\">Hier auf der Webseite finden Sie einen Aspekt aus der Reihe:<\/p>\n<p style=\"text-align: left;\"><a href=\"http:\/\/www.weppelmann.de\/wp-content\/uploads\/2014\/01\/Familie_p1_Gr\u00f6\u00dfenver\u00e4nderung.jpg\"><img loading=\"lazy\" decoding=\"async\" class=\"aligncenter  wp-image-847\" alt=\"Familie_p1_Gr\u00f6\u00dfenver\u00e4nderung\" src=\"http:\/\/www.weppelmann.de\/wp-content\/uploads\/2014\/01\/Familie_p1_Gr\u00f6\u00dfenver\u00e4nderung.jpg\" width=\"275\" height=\"194\" \/><\/a><a href=\"http:\/\/www.weppelmann.de\/wp-content\/uploads\/2014\/01\/Familie-van-Dijk_Gr\u00f6\u00dfenver\u00e4nderung.jpg\"><img loading=\"lazy\" decoding=\"async\" class=\"aligncenter size-full wp-image-848\" alt=\"Familie van Dijk_Gr\u00f6\u00dfenver\u00e4nderung\" src=\"http:\/\/www.weppelmann.de\/wp-content\/uploads\/2014\/01\/Familie-van-Dijk_Gr\u00f6\u00dfenver\u00e4nderung.jpg\" width=\"212\" height=\"141\" \/><\/a><a href=\"http:\/\/www.weppelmann.de\/wp-content\/uploads\/2014\/01\/Jorinde-van-Dijk-2001_Gr\u00f6\u00dfenver\u00e4nderung.jpg\"><img loading=\"lazy\" decoding=\"async\" class=\"aligncenter  wp-image-849\" alt=\"Jorinde van Dijk 2001_Gr\u00f6\u00dfenver\u00e4nderung\" src=\"http:\/\/www.weppelmann.de\/wp-content\/uploads\/2014\/01\/Jorinde-van-Dijk-2001_Gr\u00f6\u00dfenver\u00e4nderung.jpg\" width=\"132\" height=\"197\" \/><\/a><strong>Jorinde van Dijk *2001 &#8211; prospects 2001<\/strong>:\u00a0 Auf starken Magnetfeldern in die Zukunft schweben&#8220; Experimentalvortrag zur Hochtemperatur-Supraleitung 2001- \u201eDie zu erwartenden Entwicklungen am Arbeitsmarkt und die Zukunft der Arbeitswelt wird die Bef\u00e4higung zur Selbst\u00e4ndigkeit erfordern.&#8220; Unternehmensberater 2001 &#8211; \u201eZUR\u00dcCK IN DIE ZUKUNFT Sicherheitspolitik mit den Waffen von morgen im Geist von gestern. Es wird mit Argusaugen auf jene Aspekte der k\u00fcnftigen amerikanischen Politik geachtet, die Ver\u00e4nderungen des eigenen, nationalen Handlungsspielraums zur Folge h\u00e4tten. Absehbar ist, dass die US-Au\u00dfenpolitik der Zukunft noch st\u00e4rker als bislang von der Innenpolitik beeinflusst wird. Bericht von der 37. Wehrkundetagung der Internationalen Konferenz f\u00fcr Sicherheitspolitik, wie sie seit Ende des Kalten Krieges hei\u00dft in der FREITAG vom 2.2.2001- \u201eIm Jahre 2026 steht die Welt endg\u00fcltig vor dem Kollaps. Die Meere sind vergiftet und der Regenwald nahezu niedergebrannt. Die Menschen bek\u00e4mpfen sich in sinnlos gewordenen Konflikten gegenseitig oder werden von t\u00f6dlichen Krankheiten dahingerafft. Die Informationsflut aus dem Internet bestimmt Politik und Alltagsleben &#8212; aufgrund modernster F\u00e4lschungsmethoden ist die Grenze zwischen Realit\u00e4t und Fiktion allerdings l\u00e4ngst nicht mehr wahrnehmbar.\u201c Caleb Carr \u201eDie T\u00e4uschung\u201c M\u00fcnchen 2001 &#8211; \u201e Dialogue among civilizations would open the door to future prospects for everyone to contribute on equal footing for the well-being of all.\u201c &#8222;UNESCO im 21. Jahrhundert&#8220; 2001 &#8211; \u201eJede Nation, in jeder Region, muss sich nun entscheiden: Entweder sind Sie mit uns oder mit den Terroristen. Von diesem Tag an werden die Vereinigten Staaten jede Nation, die weiterhin Terroristen beherbergt oder unterst\u00fctzt, als feindliches Regime betrachten. Einige sprechen von einem Zeitalter des Terrors. Ich wei\u00df, es liegen Schwierigkeiten vor uns, und wir m\u00fcssen Gefahren entgegensehen. Solange die Vereinigten Staaten von Amerika entschlossen und stark sind, wird dies kein Zeitalter des Terrors sein. Dies wird ein Zeitalter der Freiheit sein, hier und \u00fcberall auf der Welt.\u201c Rede von US-Pr\u00e4sident George W. Bush an die Nation vor dem Kongress in Washington, 21. September 2001 &#8211; \u201eHello TimeSquare! Thank you NewYork! Someday , Somewhere. We&#8217;ll find a new way of living. We&#8217;ll find a way of forgiving&#8230;&#8220; Barbara Steisands &#8222;Somewhere&#8220;. aus \u201eMein 9\/11 . Mitmachblog\u201c &#8211; In einer Meinungsumfrage des Forsa-Institutes unterst\u00fctzen 80 Prozent der Deutschen die geplanten Vergeltungsschl\u00e4ge der USA. 57 Prozent bef\u00fcrchteten, dass es durch die Attentate und Gegenschl\u00e4ge zu einem neuen Weltkrieg kommen k\u00f6nnte. &#8211; \u201eDie Babyflaute muss also auch andere Ursachen haben, die sich nicht mit einer Familienpolitik f\u00fcr wohlhabende Gro\u00dfstadtyuppies mit Kinderwunsch aus der Welt schaffen lassen, der Wandel der Haushaltsformen ist ein Beleg daf\u00fcr dass Deutschland auf dem Weg in die &#8222;Single-Gesellschaft&#8220; ist. Stern 2001<\/p>\n<\/div>","protected":false},"excerpt":{"rendered":"<p>Im Rahmen der Ausstellung \u201cDie letzte Zukunft \u2013 Fotografien und andere Fragen von Wilm Weppelmann\u201d wurde 2006 auch die Konzeptfotoreihe<\/p>\n","protected":false},"author":2,"featured_media":846,"comment_status":"open","ping_status":"open","sticky":false,"template":"","format":"standard","meta":{"footnotes":""},"categories":[6,30,1,5],"tags":[10,18,19,22,27,28],"class_list":["post-843","post","type-post","status-publish","format-standard","has-post-thumbnail","hentry","category-kunst","category-ausstellung","category-allgemein","category-fotografie","tag-ausstellung","tag-archiv","tag-portraetfotografie","tag-zukunft","tag-kunst","tag-fotografie"],"_links":{"self":[{"href":"http:\/\/www.weppelmann.de\/index.php?rest_route=\/wp\/v2\/posts\/843","targetHints":{"allow":["GET"]}}],"collection":[{"href":"http:\/\/www.weppelmann.de\/index.php?rest_route=\/wp\/v2\/posts"}],"about":[{"href":"http:\/\/www.weppelmann.de\/index.php?rest_route=\/wp\/v2\/types\/post"}],"author":[{"embeddable":true,"href":"http:\/\/www.weppelmann.de\/index.php?rest_route=\/wp\/v2\/users\/2"}],"replies":[{"embeddable":true,"href":"http:\/\/www.weppelmann.de\/index.php?rest_route=%2Fwp%2Fv2%2Fcomments&post=843"}],"version-history":[{"count":9,"href":"http:\/\/www.weppelmann.de\/index.php?rest_route=\/wp\/v2\/posts\/843\/revisions"}],"predecessor-version":[{"id":900,"href":"http:\/\/www.weppelmann.de\/index.php?rest_route=\/wp\/v2\/posts\/843\/revisions\/900"}],"wp:featuredmedia":[{"embeddable":true,"href":"http:\/\/www.weppelmann.de\/index.php?rest_route=\/wp\/v2\/media\/846"}],"wp:attachment":[{"href":"http:\/\/www.weppelmann.de\/index.php?rest_route=%2Fwp%2Fv2%2Fmedia&parent=843"}],"wp:term":[{"taxonomy":"category","embeddable":true,"href":"http:\/\/www.weppelmann.de\/index.php?rest_route=%2Fwp%2Fv2%2Fcategories&post=843"},{"taxonomy":"post_tag","embeddable":true,"href":"http:\/\/www.weppelmann.de\/index.php?rest_route=%2Fwp%2Fv2%2Ftags&post=843"}],"curies":[{"name":"wp","href":"https:\/\/api.w.org\/{rel}","templated":true}]}}