{"id":887,"date":"2014-02-05T16:54:02","date_gmt":"2014-02-05T14:54:02","guid":{"rendered":"http:\/\/www.weppelmann.de\/?p=887"},"modified":"2014-02-05T16:54:02","modified_gmt":"2014-02-05T14:54:02","slug":"archiv-2007-the-world-garden-project","status":"publish","type":"post","link":"http:\/\/www.weppelmann.de\/?p=887","title":{"rendered":"Archiv 2007: \u201cTHE WORLD GARDEN PROJECT\u201d"},"content":{"rendered":"<div class=\"pf-content\"><h3 class=\"MsoNormal\" style=\"text-align: center;\">2007:\u00a0 21.6.2007 start of \u201cTHE WORLD GARDEN PROJECT\u201d<\/h3>\n<p class=\"MsoNormal\" style=\"text-align: center;\"><a href=\"http:\/\/www.weppelmann.de\/wp-content\/uploads\/2014\/02\/Plakat-sehr-klein1.jpg\"><img loading=\"lazy\" decoding=\"async\" class=\"aligncenter size-medium wp-image-872\" alt=\"Plakat-sehr-klein\" src=\"http:\/\/www.weppelmann.de\/wp-content\/uploads\/2014\/02\/Plakat-sehr-klein1-300x212.jpg\" width=\"300\" height=\"212\" srcset=\"http:\/\/www.weppelmann.de\/wp-content\/uploads\/2014\/02\/Plakat-sehr-klein1-300x212.jpg 300w, http:\/\/www.weppelmann.de\/wp-content\/uploads\/2014\/02\/Plakat-sehr-klein1.jpg 354w\" sizes=\"auto, (max-width: 300px) 100vw, 300px\" \/><\/a>poster\u00a0 of \u201cTHE WORLD GARDEN PROJECT\u201d 2007 \u2013 2009<\/p>\n<p class=\"MsoNormal\" style=\"text-align: left;\"><strong>Bericht in der Zeitschrift \u201c\u2018Gartenfreund\u201d vom Juni 2007: <\/strong><\/p>\n<p style=\"text-align: center;\"><strong>\u201cWorld Garden Project\u201d vereint G\u00e4rten der Welt<\/strong><\/p>\n<p style=\"text-align: left;\">Das ,.World Garden Project\u201d ist der neueste Baustein der 2. Freien Gartenakademie 2007. Start ist am 21. Juni.2007:\u00a0 Gartenfreunde in der ganzen Weit werden aufgefordert an \u00f6ffentlichen Pl\u00e4tzen, z. B. auch Schulen oder auf Niemandsland, kleine oder gro\u00dfe Nutzg\u00e4rten anzulegen und zu pflegen. Wer teilnimmt, \u201cdurchl\u00e4uft\u201d mit seinem Projekt drei Phasen: \u2022 seed (s\u00e4en) \u2022 growing (wachsen) \u2022 harvest (ernten)<\/p>\n<p style=\"text-align: left;\">Diese Phasen sollen von den Teilnehmern zeitnah mit kurzen Texten und Bildern beschrieben werden und gehen dann per E-Mail zum K\u00fcnstler nach M\u00fcnster an: register@worldgardenproject.com . Jeder kann Teil des Projekts werden:\u00a0 Wer alle drei Phasen durchlaufen hat, ist dann Teil des World Garden Projects. Die Dokumentation erfolgt im Internet auf den Plattformen www.worldgardenproject.com www. worldgarden.org So soll ein Sommer in die Welt hineinwachsen und an unbehausten Orten in den St\u00e4dten dieser Weit lebendige Spuren hinterlassen.<\/p>\n<p style=\"text-align: left;\">World Garden Project Garten No. 1 startet am 21. Juni in M\u00fcnster. Dieses Projekt\u00a0 \u201ckeimt und w\u00e4chst\u201d mit nationalen und internationalen Gr\u00fcn-Organisationen und Netzwerken. Dazu geh\u00f6ren Kleing\u00e4rtnerverb\u00e4nde, Homeless Garden Projects, Community Gardens, Schulg\u00e4rten, Interkulturelle G\u00e4rten, Guerilla Gardening, und viele andere. Das World Garden Project wird auch als Mitglied im ARTivism Network (portmanteau word combining \u201cart\u201d und \u201cactivism\u201d) gef\u00fchrt werden.<\/p>\n<p style=\"text-align: left;\">Warum ein World Garden Project? Hierzu Wilm Weppelmann: \u201cln diesem Jahr leben zum ersten Mal mehr Menschen im urbanen Raum als im l\u00e4ndlichen Raum und der direkte Bezug zur Nahrungsmittelproduktion r\u00fcckt immer mehr in eine virtuelle Ferne. Das ist der konkrete Anlass f\u00fcr meine Projektidee.\u201d<\/p>\n<p style=\"text-align: center;\"><a href=\"http:\/\/www.weppelmann.de\/wp-content\/uploads\/2014\/02\/New-Orleans-2007.jpg\"><img loading=\"lazy\" decoding=\"async\" class=\"aligncenter size-full wp-image-874\" alt=\"New Orleans 2007\" src=\"http:\/\/www.weppelmann.de\/wp-content\/uploads\/2014\/02\/New-Orleans-2007.jpg\" width=\"236\" height=\"170\" \/><\/a>\u201cThe World Garden Project\u201d New Orleans 2007<\/p>\n<p style=\"text-align: center;\"><strong>Artikel von Gerhard H. Kock aus den &#8222;Westf\u00e4lischen Nachrichten&#8220; vom 21.9.2007: <\/strong><strong>Morgen kommt Kunst in die Suppe<\/strong><\/p>\n<p style=\"text-align: center;\">Wilm Weppelmanns Gartenakademie endet- sein &#8222;World Garden Project&#8220; geht erst richtig los<\/p>\n<p style=\"text-align: left;\">K\u00fche sind nicht lila. Das wissen sogar Gro\u00dfstadtkinder, wie vor zehn Jahren die Studie &#8222;Lila Kuh&#8220; der Universit\u00e4t Marburg ergeben hat. Trotzdem k\u00f6nnten die meisten vermutlich Mangold nicht von Rhabarber unterscheiden. Die St\u00e4dter haben sich von ihren elementaren Nahnmgsgrundlagen entfremdet. Der Acker ist f\u00fcr viele einfach zu weit weg. Wilm Weppelmann holt den Acker in die Stadt zur\u00fcck. Ein kleines bisschen jedenfalls.<\/p>\n<p style=\"text-align: left;\">An der Schulstra\u00dfe (Einfahrt Hausnummer 22) hat der umtriebige m\u00fcnsterische K\u00fcnstler bereits zum Sommeranfang am 21. Juni ein Projekt begonnen, das weltweit Schule machen soll: sein &#8222;World Garden Project&#8220;. Weppelmann selbst formuliert es so: &#8222;Ein Sommer soll in die Welt hineinwachsen und an unbehausten Orten in den St\u00e4dten dieser Welt lebendige Spuren hinterlassen.&#8220; Bis zum 21. Juni 2008 sind die Gartenfreunde der ganzen Welt aufgefordert, im \u00f6ffentlichem Raum, im urbanen Niemandsland, kleine oder gro\u00dfe Nutzg\u00e4rten neu anzulegen und zu pflegen.<\/p>\n<p style=\"text-align: left;\">Weppelmann selbst hat den ersten Platz neben einem Parkplatz unter einem Baum gefunden: &#8222;Das war hier so stark durchwurzelt, dass ich erst mal Mutterboden mit dem Fahrradanh\u00e4nger ankarren musste.&#8220; Wie alle Projektg\u00e4rten durchlief sein Startprojekt die drei Phasen: &#8222;seed (s\u00e4en) &#8211; growing (wachsen) &#8211; harvest (ernten)&#8220;. Diese Phasen sollen die weiteren Teilnehmer aus aller Welt zeitnah mit kurzen Texten und Bildern dokumentieren und per Email \u00fcbermitteln. Im ersten Garten des globalen Projekts hat Weppelmann Endivien, Salbei, Rosmarin, Estragon, Rot- und Gr\u00fcnkohl gepflanzt. Die Zucchinis hat der M\u00fcnsteraner diese Woche geerntet. Und die dicke Zucchini aus dem Nischengarten im Kreuzviertel kommt in die Suppe &#8230;<\/p>\n<p style=\"text-align: left;\"><a href=\"http:\/\/www.weppelmann.de\/wp-content\/uploads\/2014\/02\/50-WN-21.9.20071.jpg\"><img loading=\"lazy\" decoding=\"async\" class=\"aligncenter size-medium wp-image-891\" alt=\"50 WN 21.9.2007\" src=\"http:\/\/www.weppelmann.de\/wp-content\/uploads\/2014\/02\/50-WN-21.9.20071-300x272.jpg\" width=\"300\" height=\"272\" srcset=\"http:\/\/www.weppelmann.de\/wp-content\/uploads\/2014\/02\/50-WN-21.9.20071-300x272.jpg 300w, http:\/\/www.weppelmann.de\/wp-content\/uploads\/2014\/02\/50-WN-21.9.20071.jpg 472w\" sizes=\"auto, (max-width: 300px) 100vw, 300px\" \/><\/a><\/p>\n<\/div>","protected":false},"excerpt":{"rendered":"<p>2007:\u00a0 21.6.2007 start of \u201cTHE WORLD GARDEN PROJECT\u201d poster\u00a0 of \u201cTHE WORLD GARDEN PROJECT\u201d 2007 \u2013 2009 Bericht in der<\/p>\n","protected":false},"author":2,"featured_media":889,"comment_status":"open","ping_status":"open","sticky":false,"template":"","format":"standard","meta":{"footnotes":""},"categories":[1,14],"tags":[27,11,13,15,18],"class_list":["post-887","post","type-post","status-publish","format-standard","has-post-thumbnail","hentry","category-allgemein","category-gartenkunst","tag-kunst","tag-gartenkultur","tag-guerilla-gardening","tag-konzeptkunst","tag-archiv"],"_links":{"self":[{"href":"http:\/\/www.weppelmann.de\/index.php?rest_route=\/wp\/v2\/posts\/887","targetHints":{"allow":["GET"]}}],"collection":[{"href":"http:\/\/www.weppelmann.de\/index.php?rest_route=\/wp\/v2\/posts"}],"about":[{"href":"http:\/\/www.weppelmann.de\/index.php?rest_route=\/wp\/v2\/types\/post"}],"author":[{"embeddable":true,"href":"http:\/\/www.weppelmann.de\/index.php?rest_route=\/wp\/v2\/users\/2"}],"replies":[{"embeddable":true,"href":"http:\/\/www.weppelmann.de\/index.php?rest_route=%2Fwp%2Fv2%2Fcomments&post=887"}],"version-history":[{"count":1,"href":"http:\/\/www.weppelmann.de\/index.php?rest_route=\/wp\/v2\/posts\/887\/revisions"}],"predecessor-version":[{"id":892,"href":"http:\/\/www.weppelmann.de\/index.php?rest_route=\/wp\/v2\/posts\/887\/revisions\/892"}],"wp:featuredmedia":[{"embeddable":true,"href":"http:\/\/www.weppelmann.de\/index.php?rest_route=\/wp\/v2\/media\/889"}],"wp:attachment":[{"href":"http:\/\/www.weppelmann.de\/index.php?rest_route=%2Fwp%2Fv2%2Fmedia&parent=887"}],"wp:term":[{"taxonomy":"category","embeddable":true,"href":"http:\/\/www.weppelmann.de\/index.php?rest_route=%2Fwp%2Fv2%2Fcategories&post=887"},{"taxonomy":"post_tag","embeddable":true,"href":"http:\/\/www.weppelmann.de\/index.php?rest_route=%2Fwp%2Fv2%2Ftags&post=887"}],"curies":[{"name":"wp","href":"https:\/\/api.w.org\/{rel}","templated":true}]}}