{"id":918,"date":"2014-02-08T06:59:45","date_gmt":"2014-02-08T04:59:45","guid":{"rendered":"http:\/\/www.weppelmann.de\/?p=918"},"modified":"2014-02-11T06:51:12","modified_gmt":"2014-02-11T04:51:12","slug":"archiv-2005-der-kleingarten-von-wilm-weppelmann","status":"publish","type":"post","link":"http:\/\/www.weppelmann.de\/?p=918","title":{"rendered":"Archiv 2005: Der Kleingarten von Wilm Weppelmann"},"content":{"rendered":"<div class=\"pf-content\"><h3 style=\"text-align: center;\"><strong>Das Archiv von Wilm Weppelmann: 2005<\/strong><\/h3>\n<h3 style=\"text-align: center;\">1.6.2005 der Kleingarten No. 8 im Kleing\u00e4rtnerverein &#8222;Langemarck e. V.&#8220; M\u00fcnster wird \u00fcbergeben<\/h3>\n<p>Literaturhinweise: Stefan Leppert &#8222;Paradies mit Laube &#8211; Das Buch \u00fcber Deutschlands Schreberg\u00e4rten&#8220; dva 2009, ISBN 978-3-421-03689-6 ,\u00a0 Artikel S. 109-110 &#8222;Blechbl\u00e4ser im Kartoffelbeet&#8220;\u00a0 # Rettenmeier \/ Raether-Kl\u00fcnker &#8222;Abenteuerurlaub in Deutschland&#8220; Polyglott 2009 , Artikel S. 157 &#8211; 159 &#8222;Im Kleinen gro\u00df&#8220; #\u00a0 <a href=\"http:\/\/www.welt.de\/welt_print\/vermischtes\/article8113462\/Zwischen-Kant-und-Kuerbis.html\">Welt am Sonntag 20.6.2010 <\/a>Artikel von Helga Reitter:\u00a0 &#8222;Zwischen Kant und K\u00fcrbis &#8211; Wilm Weppelmann ist K\u00fcnstler und Philosoph &#8230;&#8220;<\/p>\n<p style=\"text-align: center;\"><a href=\"http:\/\/www.weppelmann.de\/wp-content\/uploads\/2014\/01\/kleiner-G\u00e4rtner-Wilm-Weppelmann-1961-klein1.jpg\"><img loading=\"lazy\" decoding=\"async\" class=\"aligncenter size-medium wp-image-914\" alt=\"kleiner G\u00e4rtner - Wilm Weppelmann 1961 klein\" src=\"http:\/\/www.weppelmann.de\/wp-content\/uploads\/2014\/01\/kleiner-G\u00e4rtner-Wilm-Weppelmann-1961-klein1-300x198.jpg\" width=\"300\" height=\"198\" srcset=\"http:\/\/www.weppelmann.de\/wp-content\/uploads\/2014\/01\/kleiner-G\u00e4rtner-Wilm-Weppelmann-1961-klein1-300x198.jpg 300w, http:\/\/www.weppelmann.de\/wp-content\/uploads\/2014\/01\/kleiner-G\u00e4rtner-Wilm-Weppelmann-1961-klein1.jpg 413w\" sizes=\"auto, (max-width: 300px) 100vw, 300px\" \/><\/a>Wilm Weppelmann im Garten seiner Oma Maria Honerpeick \/Ascheberg &#8211; 1961<\/p>\n<p style=\"text-align: center;\"><a href=\"http:\/\/www.weppelmann.de\/wp-content\/uploads\/2014\/01\/Wilm-Weppelmann-2005-in-seinem-Garten.jpg\"><img loading=\"lazy\" decoding=\"async\" class=\"aligncenter size-medium wp-image-915\" alt=\"OLYMPUS DIGITAL CAMERA\" src=\"http:\/\/www.weppelmann.de\/wp-content\/uploads\/2014\/01\/Wilm-Weppelmann-2005-in-seinem-Garten-224x300.jpg\" width=\"224\" height=\"300\" srcset=\"http:\/\/www.weppelmann.de\/wp-content\/uploads\/2014\/01\/Wilm-Weppelmann-2005-in-seinem-Garten-224x300.jpg 224w, http:\/\/www.weppelmann.de\/wp-content\/uploads\/2014\/01\/Wilm-Weppelmann-2005-in-seinem-Garten.jpg 295w\" sizes=\"auto, (max-width: 224px) 100vw, 224px\" \/><\/a>Wilm Weppelmann 2005 in seinem Garten Langemarckstr. mit\u00a0 den ersten Fr\u00fcchten<\/p>\n<p style=\"text-align: center;\"><a href=\"http:\/\/www.weppelmann.de\/wp-content\/uploads\/2014\/02\/P1010044.jpg\"><img loading=\"lazy\" decoding=\"async\" class=\"aligncenter size-medium wp-image-923\" alt=\"OLYMPUS DIGITAL CAMERA\" src=\"http:\/\/www.weppelmann.de\/wp-content\/uploads\/2014\/02\/P1010044-300x224.jpg\" width=\"300\" height=\"224\" srcset=\"http:\/\/www.weppelmann.de\/wp-content\/uploads\/2014\/02\/P1010044-300x224.jpg 300w, http:\/\/www.weppelmann.de\/wp-content\/uploads\/2014\/02\/P1010044.jpg 410w\" sizes=\"auto, (max-width: 300px) 100vw, 300px\" \/><\/a>Der Kleingarten 30.10.2005<\/p>\n<p style=\"text-align: center;\"><a href=\"http:\/\/www.weppelmann.de\/wp-content\/uploads\/2014\/02\/IMG_4284-klein.jpg\"><img loading=\"lazy\" decoding=\"async\" class=\"aligncenter size-medium wp-image-928\" alt=\"IMG_4284 klein\" src=\"http:\/\/www.weppelmann.de\/wp-content\/uploads\/2014\/02\/IMG_4284-klein-300x200.jpg\" width=\"300\" height=\"200\" srcset=\"http:\/\/www.weppelmann.de\/wp-content\/uploads\/2014\/02\/IMG_4284-klein-300x200.jpg 300w, http:\/\/www.weppelmann.de\/wp-content\/uploads\/2014\/02\/IMG_4284-klein.jpg 354w\" sizes=\"auto, (max-width: 300px) 100vw, 300px\" \/><\/a>1. Freie Gartenakademie 2006 &#8211; Er\u00f6ffnung mit Dr. Andreas Mussenbrock 7.6.2006<\/p>\n<p style=\"text-align: center;\"><a href=\"http:\/\/www.weppelmann.de\/wp-content\/uploads\/2014\/02\/IMG_3716-klein.jpg\"><img loading=\"lazy\" decoding=\"async\" class=\"aligncenter size-medium wp-image-927\" alt=\"IMG_3716 klein\" src=\"http:\/\/www.weppelmann.de\/wp-content\/uploads\/2014\/02\/IMG_3716-klein-300x200.jpg\" width=\"300\" height=\"200\" srcset=\"http:\/\/www.weppelmann.de\/wp-content\/uploads\/2014\/02\/IMG_3716-klein-300x200.jpg 300w, http:\/\/www.weppelmann.de\/wp-content\/uploads\/2014\/02\/IMG_3716-klein.jpg 354w\" sizes=\"auto, (max-width: 300px) 100vw, 300px\" \/><\/a>4. Freie Gartenakademie 2009 &#8211;\u00a0 Besucher am 6.8.2009<\/p>\n<p style=\"text-align: center;\"><img loading=\"lazy\" decoding=\"async\" class=\"aligncenter  wp-image-937\" alt=\"sommer2009 mit Mutter\" src=\"http:\/\/www.weppelmann.de\/wp-content\/uploads\/2014\/02\/sommer2009-mit-Mutter-300x225.jpg\" width=\"300\" height=\"225\" srcset=\"http:\/\/www.weppelmann.de\/wp-content\/uploads\/2014\/02\/sommer2009-mit-Mutter-300x225.jpg 300w, http:\/\/www.weppelmann.de\/wp-content\/uploads\/2014\/02\/sommer2009-mit-Mutter.jpg 640w\" sizes=\"auto, (max-width: 300px) 100vw, 300px\" \/>2009 Wilm Weppelmann in seinem Kleingarten mit Grossplakat &#8220; &#8230; and here\u00b4s a marvelous convenient place for our rehearsal. This green plot shall be our stage, this hawthorn brake our tiring-house, and we will do it in action.&#8220; from William Shakespeare &#8222;A Midsummer Night&#8217;s Dream&#8220; Act 3, Scene 1<\/p>\n<p style=\"text-align: center;\"><a href=\"http:\/\/www.weppelmann.de\/wp-content\/uploads\/2014\/01\/Plakat-sehr-klein.jpg\"><img loading=\"lazy\" decoding=\"async\" class=\"aligncenter size-medium wp-image-916\" alt=\"Plakat sehr klein\" src=\"http:\/\/www.weppelmann.de\/wp-content\/uploads\/2014\/01\/Plakat-sehr-klein-300x211.jpg\" width=\"300\" height=\"211\" srcset=\"http:\/\/www.weppelmann.de\/wp-content\/uploads\/2014\/01\/Plakat-sehr-klein-300x211.jpg 300w, http:\/\/www.weppelmann.de\/wp-content\/uploads\/2014\/01\/Plakat-sehr-klein.jpg 323w\" sizes=\"auto, (max-width: 300px) 100vw, 300px\" \/><\/a>Wilm Weppelmann 2009\u00a0 in seinem Garten als Plakatmotiv f\u00fcr die &#8222;5. Freie Gartenakademie 2010&#8220;<\/p>\n<p style=\"text-align: center;\"><a href=\"http:\/\/www.weppelmann.de\/wp-content\/uploads\/2014\/02\/IMG_2739_klein.jpg\"><img loading=\"lazy\" decoding=\"async\" class=\"aligncenter size-medium wp-image-930\" alt=\"IMG_2739_klein\" src=\"http:\/\/www.weppelmann.de\/wp-content\/uploads\/2014\/02\/IMG_2739_klein-200x300.jpg\" width=\"200\" height=\"300\" srcset=\"http:\/\/www.weppelmann.de\/wp-content\/uploads\/2014\/02\/IMG_2739_klein-200x300.jpg 200w, http:\/\/www.weppelmann.de\/wp-content\/uploads\/2014\/02\/IMG_2739_klein.jpg 354w\" sizes=\"auto, (max-width: 200px) 100vw, 200px\" \/><\/a>Eingangsbereich Garten <strong>&#8222;<\/strong><span class=\"short_text\" lang=\"en\"><strong><span class=\"hps\">I \u00b4m growing<\/span> <span class=\"hps\">to<\/span> <span class=\"hps alt-edited\">wilt<\/span> <span class=\"hps\">with a<\/span> <\/strong><span class=\"hps\"><strong>rose.&#8220; Wilm Weppelmann<\/strong><\/span><\/span><\/p>\n<p style=\"text-align: center;\"><strong>Artikel im &#8222;Stadtgefl\u00fcster &#8211; Wochenschau M\u00fcnster&#8220; vom\u00a0 4.3.2010:\u00a0<\/strong><\/p>\n<p style=\"text-align: left;\"><strong>Hochkultur im Kleingarten &#8211; Urs Spindler trifft Wilm Weppelmann.<\/strong><\/p>\n<p><b>Wei\u00dfe Lattenz\u00e4une, getrimmte Rasenkanten und Primeln im Pflanztopf \u2013 der Schrebergarten ist ein Sammelbecken f\u00fcr Klischees aller Art. Wilm Weppelmann hat auch eine Parzelle\u00a0 Nummer Acht in der Kleingartenanlage an der Langemarckstra\u00dfe. Aber der typische Laubenpieper ist er nicht. In diesem Jahr l\u00e4dt der K\u00fcnstler zum f\u00fcnften Mal zur Gartenakademie ein, einer Reihe von Vortr\u00e4gen und Kulturveranstaltungen im Schrebergarten. Wie es sich f\u00fcr einen guten G\u00e4rtner geh\u00f6rt, denkt er voraus und plant schon jetzt, was im Sommer in seiner Parzelle passieren soll. Wilm Weppelmann \u00fcber Garten, Kunst und Gartenkunst.<\/b><\/p>\n<p style=\"text-align: left;\"><b>Herr Weppelmann, was macht denn ein Schreberg\u00e4rtner bei Schneegest\u00f6ber und Minusgraden?<\/b><\/p>\n<p>Garten findet bei jedem Wetter statt, auch im Winter. Ein Garten ist nichts f\u00fcr Weicheier, die nur dieses verkl\u00e4rte Sommerbild haben. Wachsen, Vergehen, das geh\u00f6rt alles dazu. Der Winter kann auch sehr anregend und aufregend sein. Ich f\u00fcr meinen Teil denke mir im Winter neue Schandtaten zum Thema Garten aus.<\/p>\n<p><b>Schandtaten, die dann im Sommer umgesetzt werden?<\/b><\/p>\n<p>Na ja, das Entscheidende passiert ja im Fr\u00fchjahr. Da wird gepflanzt und da muss ich auch Schwei\u00dfperlen lassen, damit mein Garten so wild wuchert, wie ich es mir vorstelle. Das muss ja auch einen gewissen Rahmen bieten, f\u00fcr die Gartenakademie im Sommer. Ich lasse dann einen K\u00fcrbis durch den Garten flitzen, der sorgt schon f\u00fcr tropische Sph\u00e4ren. K\u00fcrbis ist auch eines meiner Lieblingsgem\u00fcse, ich liebe das, wenn der so wild und bunt durch die Beete wuchert.<\/p>\n<p><b>Das hei\u00dft, in Ihrem Garten gibt es nicht nur Kunst, sondern auch richtiges Gem\u00fcse?<\/b><\/p>\n<p>Ja, ich k\u00f6nnte auch jetzt noch ernten. Irgendwo unter dem Schnee ist noch Feldsalat. Wenn man das rechtzeitig vorbereiten w\u00fcrde, k\u00f6nnte man sich aus dem Garten noch ern\u00e4hren. 60 Prozent Selbstversorgung w\u00e4ren vielleicht drin. Aber ich bin leider nicht so gut in der Planung.<br \/>\n<b><br \/>\nWie sind Sie \u00fcberhaupt zu dem Garten gekommen?<br \/>\n<\/b><br \/>\nIch wollte immer mal einen Garten haben. Aber Garten und k\u00fcnstlerische Freiheit verbindet man nicht unbedingt miteinander, so ein Garten birgt ja viele Verpflichtungen. Deshalb bin ich dem Thema lange Zeit aus dem Weg gegangen. Irgendwann begegnete mir dann ein Schild: Schrebergarten zu verpachten. Da bin ich ein paar Mal dran vorbeigelaufen und dann habe ich angerufen. Zwei Wochen sp\u00e4ter war ich pl\u00f6tzlich Schreberg\u00e4rtner.<br \/>\n<b><br \/>\nUnd wann kam die Idee, Kunst und Kleingarten zu kombinieren?<\/b><\/p>\n<p>Ich hatte schon \u00fcber eine Kulturveranstaltungsreihe nachgedacht, aber ich war noch auf der Suche nach dem perfekten Ort. Im Winter sa\u00df ich dann im Garten und habe mir gedacht: Du kannst es doch einfach hier machen. Du machst es ad hoc, an dem Platz, wo du bist. In diesem Schrebergarten. Der ist nicht quadratisch, nicht praktisch und eigentlich viel zu verbaut, um so eine Veranstaltung zu beherbergen. Aber es liegt auch eine gewisse Kunst darin, etwas da zu machen, wo man ist.<br \/>\n<b><br \/>\nWie waren die Reaktionen der Parzellennachbarn? Gab es Kopfsch\u00fctteln und b\u00f6se Blicke?<\/b><\/p>\n<p>Es war schon ein seltsames Gef\u00fchl, ich kam mir ein bisschen vor wie Mr. Bean in diesem Film-Intro, wenn er gerade vom Himmel gefallen ist. Aber ich habe nette Nachbarn. Nachbarschaft ist ja so ein Wort, das viele Menschen heute gar nicht mehr verstehen. Nachbarschaft, da bekommen manche St\u00e4dter ja Allergien (lacht). Aber die Haltung der Kleing\u00e4rtner war positiv, im Sinne von \u201eLasst ihn erst mal machen\u201c. Und ich habe dann einfach gemacht. Man darf nie vorher fragen! Ich schaue, dass es niemanden verletzt, keine Sachbesch\u00e4digung ist. Aber dann mache ich einfach. Au\u00dferdem habe ich im ersten Jahr ungef\u00e4hr 1000 Stunden im Garten gearbeitet, damit habe ich wohl ein wenig den Respekt gewonnen.<\/p>\n<p><b>In wie weit beeinflusst denn der Kleingarten die Themen der Kulturveranstaltungen?<\/b><\/p>\n<p>Der Ort hat einen gro\u00dfen Einfluss. Der thematische Rahmen der Gartenakademie ist ja, die Volkskultur \u2013 den Schrebergarten \u2013 mit der Hochkultur zu verbinden und die Ignoranz der Hochkultur f\u00fcr die Kleingartenkultur aufzubrechen. Sieben Veranstaltungen waren das im ersten Sommer, Philosophie, klassische Musik, Lyrik, aber auch angewandtere Sachen. Ich fange ja immer mit Philosophie an, um die Messlatte etwas hochzulegen, um zu zeigen, dass Kleingarten keine kleingeistige Angelegenheit ist. Garten war immer auch ein philosophischer Raum. Da hole ich das Thema eigentlich nur zur\u00fcck.<br \/>\n<b><br \/>\nHatten Sie nicht Angst, dass die Operng\u00e4nger Ihren Garten meiden und die Kleing\u00e4rtner das Programm?<\/b><\/p>\n<p>R\u00fcckblickend kann ich ja sagen: Es hat funktioniert. Ich wusste, dass es klappt, als es bei einer der ersten Veranstaltungen geblitzt und gest\u00fcrmt hat. Weil trotz des Unwetters sind die Leute geblieben. Das hatte so den Charme von Misslingen und Scheitern. Ein unverbrauchtes Gef\u00fchl, im Gegensatz zu den perfekt sortierten Veranstaltungsfl\u00e4chen, die einem h\u00e4ufig begegnen. Au\u00dferdem lege ich viel Wert auf die Qualit\u00e4t der Veranstaltungen. Die Deutschlandpremiere von Richard Reynolds Buch Guerilla Gardening zum Beispiel, das war schon ein Highlight.<br \/>\n<b><br \/>\nReynolds pflanzt Gem\u00fcse im Stra\u00dfengraben und wirft Saatbomben, um auf brachliegende Fl\u00e4chen in der Stadt aufmerksam zu machen&#8230;<\/b><\/p>\n<p>Guerilla Gardening ist ja als Thema nicht neu, in den sechziger, siebziger Jahren haben K\u00fcnstler in Manhattan Weizenfelder angelegt, mitten im urbanen Raum. In M\u00fcnster gab es solche Ans\u00e4tze auch schon, Baumscheibenbegr\u00fcnung zum Beispiel. Aber Gem\u00fcse gab es noch nicht.<br \/>\n<b><br \/>\nSie haben auch schon ein paar Saat-Anschl\u00e4ge auf M\u00fcnster ver\u00fcbt&#8230;<\/b><\/p>\n<p>Ich habe mittlerweile einige Fl\u00e4chen in der Stadt, einige auch schon seit Jahren. Zum Beispiele ein Kohlrabi-Beet am Knast, oder einen Gr\u00fcnkohl an der Steinfurter Stra\u00dfe. Der ist jetzt leider unter den Schneelasten zusammengebrochen, zum Gl\u00fcck hatte ich vorher geerntet. Gem\u00fcse an ungew\u00f6hnlichen Orten interessiert mich sehr. Es hat so eine Skurrilit\u00e4t, das gef\u00e4llt mir. Das Amt f\u00fcr Gr\u00fcnfl\u00e4chen w\u00fcrde das sch\u00f6n bebl\u00fcmen, die m\u00fcssen das ja auch schnell erledigen. Aber ein Gr\u00fcnkohl an der Steinfurter Stra\u00dfe&#8230; Klar, f\u00e4llt nicht jedem auf, manche wissen gar nicht, wie so ein Gr\u00fcnkohl aussieht. Aber manchmal beobachte ich Menschen, die laufen vorbei und bleiben dann mit dem Blick h\u00e4ngen. Eine merkw\u00fcrdige Form von Aufmerksamkeit. Ganz kleine Gesten, an denen man merkt, dass es funktioniert. Und dann macht es auch Spa\u00df.<\/p>\n<p><b>Wie macht man denn die Brachfl\u00e4che zum Garten?<\/b><\/p>\n<p>Ein paar Zutaten geh\u00f6ren schon dazu. Erde, Wasser, Schutz. Und F\u00fcrsorge, Verantwortung, die man \u00fcbernehmen muss. Es ist auch eine Sache, diese Seedbombs auszuwerfen und eine andere, sich darum zu k\u00fcmmern, dass es weiter w\u00e4chst. Garten ist kein zerstreuendes Thema, sondern ein Thema, das erdet. Und das ist f\u00fcr viele unheimlich schwer zu ertragen. Diese Bodenst\u00e4ndigkeit, dieses \u201emit dem Garten wachse ich\u201c-Motiv ist f\u00fcr manche schwierig.<br \/>\n<b><br \/>\nDas Thema f\u00fcr den kommenden Sommer (2010) ist: \u201eWer hat Angst vorm Schrebergarten\u201c. Begegnen Ihnen denn Menschen, die sagen: \u201eSchrebergarten, schrecklich, da gehe ich nicht hin\u201c?<\/b><\/p>\n<p>Klar, die gibt es auch. Am meisten Angst vorm Schrebergarten hatte ich selbst am Anfang. Angst vor dem, was an Klischees und Vorstellungen zu dem Thema da war. Aber viele untersch\u00e4tzen, dass im Garten auch eine sehr kreative Substanz steckt, zum Beispiel in der Kunst der Improvisation. Die Schreberg\u00e4rtner sind ja Bastler vor dem Herrn. Diese Klischees von Regelstarre und Wohlsortiertheit verstellen einfach den Blick.<br \/>\nIch versuche, mit meiner Veranstaltungsreihe den Blick zu \u00f6ffnen f\u00fcr Kultur und M\u00f6glichkeiten des Schrebergartens. Aber mit diesen Klischees kann man nat\u00fcrlich auch spielen. Ich w\u00fcrde gerne mal ein Treffen der Gartenhasser veranstalten. Aber mir ist leider noch kein professioneller Gartenhasser untergekommen. Es gibt Gartenallergiker, es gibt Menschen, die nur Fleisch essen, aber richtig gute Gartenhasser sind mir noch nicht begegnet.<\/p>\n<p><b>Vielen Dank f\u00fcr das Gespr\u00e4ch!<\/b><\/p>\n<p style=\"text-align: center;\"><strong>Artikel von Martin Lehmann in der Zeitschrift &#8220; M\u00fcnsterland &#8211; Magazin f\u00fcr Freizeit, Kultur und Wirtschaft&#8220; Ausgabe Fr\u00fchjahr 2011<\/strong>:<\/p>\n<p style=\"text-align: center;\"><a href=\"http:\/\/www.weppelmann.de\/wp-content\/uploads\/2014\/02\/42-M\u00fcnsterlandmagazin-2011_Seite_1klein-.jpg\"><img loading=\"lazy\" decoding=\"async\" class=\"aligncenter size-medium wp-image-935\" alt=\"42 M\u00fcnsterlandmagazin  2011_Seite_1klein\" src=\"http:\/\/www.weppelmann.de\/wp-content\/uploads\/2014\/02\/42-M\u00fcnsterlandmagazin-2011_Seite_1klein--300x210.jpg\" width=\"300\" height=\"210\" srcset=\"http:\/\/www.weppelmann.de\/wp-content\/uploads\/2014\/02\/42-M\u00fcnsterlandmagazin-2011_Seite_1klein--300x210.jpg 300w, http:\/\/www.weppelmann.de\/wp-content\/uploads\/2014\/02\/42-M\u00fcnsterlandmagazin-2011_Seite_1klein-.jpg 591w\" sizes=\"auto, (max-width: 300px) 100vw, 300px\" \/><\/a><\/p>\n<h3 style=\"text-align: center;\">Der verr\u00fcckteste Kleing\u00e4rtner M\u00fcnsters<\/h3>\n<p style=\"text-align: center;\">Wilm Weppelmann und die &#8222;Freie Gartenakademie e. V.&#8220;<\/p>\n<p style=\"text-align: left;\">Als der K\u00fcnstler Wilm Weppelmann die ahnten seine Nachbarn wohl kaum, dass kleine Parzelle in der Gartenanlage an der Langemarckstra\u00dfe 2005 \u00fcbernahm, ahnten seine Nachbarn wohl kaum, dass von nun an &#8222;M\u00fcnsters verr\u00fccktester Kleing\u00e4rtner&#8220; (Weppelmann \u00fcber Weppelmann) frischen Wind in den Schrebergarten bringen w\u00fcrde. Dass er \u00fcberdies dem idyllischen Flecken auch noch zu \u00fcberregionaler Bekanntheit verhelfen w\u00fcrde, ahnte Weppelmann nicht einmal selbst. \u00dcberhaupt: Eigentlich kann er gar nichts daf\u00fcr, denn schlie\u00dflich &#8222;kam der Garten zu mir, nicht ich zu ihm&#8220;, stellt er fest. \u00fcber Wochen war er damals an dem Schild vorbeigefahren, auf dem ein Nachfolger f\u00fcr die Scholle gesucht wurde. Irgendwann rief Weppelmann die Nummer einfach an. Wie sich herausstellte, sah sich der betagte Vorbesitzer schon l\u00e4nger nicht mehr in der Lage, sich um den Garten zu k\u00fcmmern, was man diesem auch ansah.<\/p>\n<p style=\"text-align: left;\">&#8222;Ich habe unglaublich viele Stunden an Arbeit hier investiert&#8220;, erinnert sich Weppelmann. Heraus kam ein sch\u00f6ner, nat\u00fcrlicher Kr\u00e4uter- und Gem\u00fcsegarten. Von seinen Nachbarn wurde er dabei gleich von Anfang an gut aufgenommen. Diese bleiben ihm auch gewogen, als er etwas in den Garten &#8222;verpflanzte&#8220;, was man dort eher nicht vermutet &#8211; Kunst. F\u00fcr den K\u00fcnstler und Philosophen schien die Idee dagegen \u00fcberhaupt nicht abwegig: &#8222;Als K\u00fcnstler suchst Du immer nach dem pefekten Raum f\u00fcr deine Ideen und Werke, den es aber nat\u00fcrlich nie gibt. Gerade f\u00fcr gro\u00dfe Sachen ist es schwierig, R\u00e4ume zu finden. Als ich nun diesen Platz hatte, dachte ich \u00bbOk! Ich mache was im Garten!\u00ab. Schlie\u00dflich hat ein Garten auch viel mit Kultur zu tun.&#8220; Nicht zuletzt reizte nat\u00fcrlich der Gedanke, etwas an einem Platz zu machen, der kein klassicher Veranstaltungsort ist. Die &#8222;Freie Gartenakademie&#8220; nahm Gestalt an.<\/p>\n<p style=\"text-align: center;\">&#8222;Garten bedeutet Erdung&#8220;<\/p>\n<p style=\"text-align: left;\">Im ersten Jahr gab es sechs Veranstaltungen, deren Themen Weppelmann vorgab. Es gab Lesungen zum &#8211; weit gefassten- Thema Garten und ein buntgemischtes Kulturprogramm. Der Erfolg blieb nicht aus: Zur Schlussveranstaltung konnte Weppelmann bereits \u00fcber 100 G\u00e4ste begr\u00fc\u00dfen, das \u00fcberzeugte auch die Skeptiker. &#8222;Damit hatte ich mir erstmal Respekt erobert, die Leute haben gesehen: \u00bbDer tut was und redet nicht nur\u00ab&#8220;, erinnert sich Weppelmann. Im Jahr darauf waren es schon 16 Veranstaltungen die einen beeindruckenden thematischen Bogen schlugen: Philosophie, Politk, Konzerte, Ern\u00e4hrung, Kunst. Schnell wurde Weppelmanns Aktion nun auch \u00fcber die Grenzen M\u00fcnsters hinaus bekannt und nicht nur das, auch international fand die Gartenakademie schon mehrfach Beachtung. In diesem Sommer (2011) wird die Gartenakademie nun bereits zum sechsten Mal ihre Pforten \u00f6ffnen.<\/p>\n<p style=\"text-align: left;\">Der Garten als Veranstaltungsort, das hat f\u00fcr Weppelmann eine interessante Ambivalenz in Bezug auf das Publikum: &#8222;Es hat den Charme des Privaten und Vertrauten, das \u00f6ffnet die Leute, andererseits entsteht gerade durch dieses Private, in das man als Gast eindringt, eine gewisse Schwelle, die \u00fcberwunden werden will. Stundenlang k\u00f6nnte Weppelmann \u00fcber das Thema Garten philosophieren, mehr noch: F\u00fcr ihn ist der Garten selbst ein Ort der Philosophie schon immer gewesen: &#8222;Denken Sie nur an Epikur!&#8220; Er ist, wie er selbst sagt, ein Gartenextremist. Ganz im Sinne des Guerillia Gardenings, das unter anderem durch den englischen Gartenaktivisten Richard Reynolds popul\u00e4r wurde, der auch schon in der Gartenakademie zu Gast war und den er immer wieder in London besucht, hat Weppelmann in M\u00fcnster schon eine ganze Reihe wilder Stra\u00dfeng\u00e4rten angelegt.<\/p>\n<p style=\"text-align: center;\">Sehnsucht nach festem Boden<\/p>\n<p style=\"text-align: left;\">F\u00fcr ihn verbinden sich mit dem Begriff Garten Erinnerungen an Kindheit und Familie: &#8222;Ich habe mich mein ganzes Leben f\u00fcr G\u00e4rten interessiert und wollte immer einen haben. Aber ein Garten stellt auch hohe Anforderungen. Es ist ein besonderes Organisationstalent n\u00f6tig, denn Garten hat auch viel mit planen zu\u00b7 tun.&#8220; Der Trend zum Garten, zur eigenen Parzelle, der in j\u00fcngster Zeit auch verst\u00e4rkt bei jungen Menschen, gerade in gr\u00f6\u00dferen St\u00e4dten, zu beobachten ist, verwundert Weppelmann nicht: &#8222;Garten bedeutet Erdung. Er ist das Gegenteil zum fl\u00fcchtigen Virtuellen, in dem wir uns heute so viel bewegen. Dabei merkt man, dass man an Substanz verliert, die Freiheit als &#8222;Ich&#8220; zu verschwinden, wird immer gr\u00f6\u00dfer. Deshalb w\u00e4chst die Sehnsucht, wieder festen Boden zu gewinnen, zu f\u00fchlen, und ein Garten ist voller haptischer Elemente.&#8220; Doch Weppelmann wei\u00df auch um die Schwierigkeiten: &#8222;Nicht jedem erf\u00fcllt sich dieser Wunsch nach einem Garten und nicht jeder ist f\u00fcr einen Garten geeignet. Gerade in einem Kleingarten muss man in der Lage sein, soziale Kontakte zu ertragen, mir unterschiedlichsten Charakteren zu interagieren und miteinander klar zu kommen. Das ist f\u00fcr manchen ein Drahtseilakt.&#8220; Der Kleingarten als Schule sozialen Miteinanders. Weppelmann hat diese Herausforderung offenbar bestens gemeistert, denn der &#8222;verr\u00fcckteste Kleing\u00e4rtner M\u00fcnsters&#8220; ist seit einiger Zeit auch Vorsitzender des Kleingartenvereins.<\/p>\n<p style=\"text-align: center;\"><strong>2013 war ein Gagaku-Ensemble unter Leitung des Konzertmeisters Hideaki Bunno vom japanischen Kaiserhof zu Gast im Kleingarten von Wilm Weppelmann<\/strong><\/p>\n<p style=\"text-align: center;\"><img loading=\"lazy\" decoding=\"async\" class=\"decoded aligncenter\" alt=\"http:\/\/www.gartenakademie.org\/wp-content\/uploads\/2013\/04\/19-WN-10.jpg\" src=\"http:\/\/www.gartenakademie.org\/wp-content\/uploads\/2013\/04\/19-WN-10.jpg\" width=\"413\" height=\"450\" \/><\/p>\n<p style=\"text-align: left;\">Rund 400 qm Schrebergarten reichen aus, um die Gartenwelt nach M\u00fcnster zu locken. Fast 100 Veranstaltungen haben dort stattgefunden. Tausende Besucher lie\u00dfen sich schon in diesem K\u00fcnstlergarten inspirieren. Trotz der umfangreichen Vorbereitungsarbeiten f\u00fcr die Freie Gartenakademie bleibt die eigentliche Erdarbeit f\u00fcr Wilm Weppelmann nicht auf der Strecke, denn Jahr f\u00fcr Jahr erntet er reichlich. Auch sein Lieblingsgem\u00fcse der Rotkohl taucht in allen Beeten auf, selbst in den Blumenreihen schimmern des Rotkohls violett blaue T\u00f6ne durch. \u201cIch wachse mit meinem Garten.\u201d sagt er und meint damit auch die geistige Nahrung, die er aus seiner k\u00fcnstlerischen Gartenwelt zieht. Er versteht sich als Gartenk\u00fcnstler, Kulturg\u00e4rtner, begeisterter Kleing\u00e4rtner, aber auch G\u00e4rtner mit einem wilden Herzen, das beweist er Jahr f\u00fcr Jahr mit seinen Gem\u00fcsestrassenbeeten im Stadtbild von M\u00fcnster. Im Mittelpunkt steht aber seine Schrebergartenscholle, der er immer wieder neue Gartenabenteuer abgewinnt. 400 qm Anst\u00f6sse f\u00fcr ein aufregendes Gartenleben, denn jeder Kleingarten ist so gro\u00df, wie man selber ist.<\/p>\n<\/div>","protected":false},"excerpt":{"rendered":"<p>Das Archiv von Wilm Weppelmann: 2005 1.6.2005 der Kleingarten No. 8 im Kleing\u00e4rtnerverein &#8222;Langemarck e. V.&#8220; M\u00fcnster wird \u00fcbergeben Literaturhinweise:<\/p>\n","protected":false},"author":2,"featured_media":919,"comment_status":"open","ping_status":"open","sticky":false,"template":"","format":"standard","meta":{"footnotes":""},"categories":[1,14],"tags":[11,18,23,25],"class_list":["post-918","post","type-post","status-publish","format-standard","has-post-thumbnail","hentry","category-allgemein","category-gartenkunst","tag-gartenkultur","tag-archiv","tag-freie-gartenakademie","tag-kleingarten"],"_links":{"self":[{"href":"http:\/\/www.weppelmann.de\/index.php?rest_route=\/wp\/v2\/posts\/918","targetHints":{"allow":["GET"]}}],"collection":[{"href":"http:\/\/www.weppelmann.de\/index.php?rest_route=\/wp\/v2\/posts"}],"about":[{"href":"http:\/\/www.weppelmann.de\/index.php?rest_route=\/wp\/v2\/types\/post"}],"author":[{"embeddable":true,"href":"http:\/\/www.weppelmann.de\/index.php?rest_route=\/wp\/v2\/users\/2"}],"replies":[{"embeddable":true,"href":"http:\/\/www.weppelmann.de\/index.php?rest_route=%2Fwp%2Fv2%2Fcomments&post=918"}],"version-history":[{"count":15,"href":"http:\/\/www.weppelmann.de\/index.php?rest_route=\/wp\/v2\/posts\/918\/revisions"}],"predecessor-version":[{"id":944,"href":"http:\/\/www.weppelmann.de\/index.php?rest_route=\/wp\/v2\/posts\/918\/revisions\/944"}],"wp:featuredmedia":[{"embeddable":true,"href":"http:\/\/www.weppelmann.de\/index.php?rest_route=\/wp\/v2\/media\/919"}],"wp:attachment":[{"href":"http:\/\/www.weppelmann.de\/index.php?rest_route=%2Fwp%2Fv2%2Fmedia&parent=918"}],"wp:term":[{"taxonomy":"category","embeddable":true,"href":"http:\/\/www.weppelmann.de\/index.php?rest_route=%2Fwp%2Fv2%2Fcategories&post=918"},{"taxonomy":"post_tag","embeddable":true,"href":"http:\/\/www.weppelmann.de\/index.php?rest_route=%2Fwp%2Fv2%2Ftags&post=918"}],"curies":[{"name":"wp","href":"https:\/\/api.w.org\/{rel}","templated":true}]}}