{"id":1331,"date":"2016-02-15T15:06:01","date_gmt":"2016-02-15T13:06:01","guid":{"rendered":"http:\/\/www.weppelmann.de\/?p=1331"},"modified":"2016-03-02T16:10:08","modified_gmt":"2016-03-02T14:10:08","slug":"wilm-weppelmann-kuenstler","status":"publish","type":"post","link":"https:\/\/www.weppelmann.de\/?p=1331","title":{"rendered":"Wilm Weppelmann &#8211; eine \u00dcbersicht"},"content":{"rendered":"<div class=\"pf-content\"><h4 id=\"firstHeading\" class=\"firstHeading\" lang=\"de\" style=\"text-align: center;\">Wilm Weppelmann\u00a0 (K\u00fcnstler)\u00a0 &#8211; eine \u00dcbersicht<\/h4>\n<p style=\"text-align: center;\">Quelle: <a href=\"https:\/\/de.wikipedia.org\/wiki\/Wilm_Weppelmann\">Wikipedia.org<\/a> (abgerufen am 15.2.2016)<\/p>\n<div id=\"mw-content-text\" class=\"mw-content-ltr\" dir=\"ltr\" lang=\"de\">\n<div class=\"thumb tright\">\n<div class=\"thumbinner\">\n<figure style=\"width: 220px\" class=\"wp-caption aligncenter\"><a class=\"image\" href=\"https:\/\/de.wikipedia.org\/wiki\/Datei:Wilm_Weppelmann.jpg\"><img loading=\"lazy\" decoding=\"async\" class=\"thumbimage\" src=\"https:\/\/upload.wikimedia.org\/wikipedia\/commons\/thumb\/7\/75\/Wilm_Weppelmann.jpg\/220px-Wilm_Weppelmann.jpg\" srcset=\"\/\/upload.wikimedia.org\/wikipedia\/commons\/thumb\/7\/75\/Wilm_Weppelmann.jpg\/330px-Wilm_Weppelmann.jpg 1.5x, \/\/upload.wikimedia.org\/wikipedia\/commons\/thumb\/7\/75\/Wilm_Weppelmann.jpg\/440px-Wilm_Weppelmann.jpg 2x\" alt=\"\" width=\"220\" height=\"201\" data-file-width=\"513\" data-file-height=\"469\" \/><\/a><figcaption class=\"wp-caption-text\">Wilm Weppelmann (Stuttgart 2005)<\/figcaption><\/figure>\n<div class=\"thumbcaption\">\u00a0<b>Wilm Weppelmann<\/b> (* <a title=\"17. April\" href=\"https:\/\/de.wikipedia.org\/wiki\/17._April\">17. April<\/a> <a title=\"1957\" href=\"https:\/\/de.wikipedia.org\/wiki\/1957\">1957<\/a> in <a title=\"L\u00fcdinghausen\" href=\"https:\/\/de.wikipedia.org\/wiki\/L%C3%BCdinghausen\">L\u00fcdinghausen<\/a>) ist ein <a title=\"Deutschland\" href=\"https:\/\/de.wikipedia.org\/wiki\/Deutschland\">deutscher<\/a> <a title=\"K\u00fcnstler\" href=\"https:\/\/de.wikipedia.org\/wiki\/K%C3%BCnstler\">K\u00fcnstler<\/a>. Er lebt und arbeitet als <a title=\"Konzeptkunst\" href=\"https:\/\/de.wikipedia.org\/wiki\/Konzeptkunst\">Konzeptk\u00fcnstler<\/a>, <a title=\"Gartenkunst\" href=\"https:\/\/de.wikipedia.org\/wiki\/Gartenkunst\">Gartenk\u00fcnstler<\/a>, <a title=\"Fotograf\" href=\"https:\/\/de.wikipedia.org\/wiki\/Fotograf\">Fotograf<\/a> und <a title=\"Autor\" href=\"https:\/\/de.wikipedia.org\/wiki\/Autor\">Autor<\/a> derzeit in <a title=\"M\u00fcnster (Westfalen)\" href=\"https:\/\/de.wikipedia.org\/wiki\/M%C3%BCnster_%28Westfalen%29\">M\u00fcnster<\/a> (<a title=\"Westfalen\" href=\"https:\/\/de.wikipedia.org\/wiki\/Westfalen\">Westfalen<\/a>).<\/div>\n<\/div>\n<\/div>\n<\/div>\n<div id=\"toc\" class=\"toc\">\n<div id=\"toctitle\">\n<h2 style=\"text-align: center;\">Inhaltsverzeichnis<\/h2>\n<\/div>\n<\/div>\n<div id=\"toc\" class=\"toc\">\n<ul>\n<li class=\"toclevel-1 tocsection-1\"><a href=\"https:\/\/de.wikipedia.org\/wiki\/Wilm_Weppelmann#Biographie\"><span class=\"tocnumber\">1<\/span> <span class=\"toctext\">Biographie<\/span><\/a><\/li>\n<li class=\"toclevel-1 tocsection-2\"><a href=\"https:\/\/de.wikipedia.org\/wiki\/Wilm_Weppelmann#Werk\"><span class=\"tocnumber\">2<\/span> <span class=\"toctext\">Werk<\/span><\/a><\/li>\n<li class=\"toclevel-1 tocsection-3\"><a href=\"https:\/\/de.wikipedia.org\/wiki\/Wilm_Weppelmann#Einzelprojekte_als_Gartenk.C3.BCnstler\"><span class=\"tocnumber\">3<\/span> <span class=\"toctext\">Einzelprojekte als Gartenk\u00fcnstler<\/span><\/a><\/li>\n<li class=\"toclevel-1 tocsection-4\"><a href=\"https:\/\/de.wikipedia.org\/wiki\/Wilm_Weppelmann#Publikationen_.28Auswahl.29\"><span class=\"tocnumber\">4<\/span> <span class=\"toctext\">Publikationen (Auswahl)<\/span><\/a><\/li>\n<li class=\"toclevel-1 tocsection-5\"><a href=\"https:\/\/de.wikipedia.org\/wiki\/Wilm_Weppelmann#Einzelnachweise\"><span class=\"tocnumber\">5<\/span> <span class=\"toctext\">Einzelnachweise<\/span><\/a><\/li>\n<li class=\"toclevel-1 tocsection-6\"><a href=\"https:\/\/de.wikipedia.org\/wiki\/Wilm_Weppelmann#Weblinks\"><span class=\"tocnumber\">6<\/span> <span class=\"toctext\">Weblinks<\/span><\/a><\/li>\n<\/ul>\n<\/div>\n<h2 style=\"text-align: center;\"><span id=\"Biographie\" class=\"mw-headline\">Biographie<\/span><\/h2>\n<p>Wilm Weppelmann wuchs in <a title=\"Ottmarsbocholt\" href=\"https:\/\/de.wikipedia.org\/wiki\/Ottmarsbocholt\">Ottmarsbocholt<\/a> (<a title=\"Westfalen\" href=\"https:\/\/de.wikipedia.org\/wiki\/Westfalen\">Westfalen<\/a>) auf. 1977 legte er sein Abitur am <a title=\"Pascal-Gymnasium M\u00fcnster\" href=\"https:\/\/de.wikipedia.org\/wiki\/Pascal-Gymnasium_M%C3%BCnster\">Pascal-Gymnasium M\u00fcnster<\/a> ab. Nach dem Studium der Germanistik an der <a title=\"Westf\u00e4lische Wilhelms-Universit\u00e4t\" href=\"https:\/\/de.wikipedia.org\/wiki\/Westf%C3%A4lische_Wilhelms-Universit%C3%A4t\">Westf\u00e4lische Wilhelms-Universit\u00e4t<\/a> <a title=\"M\u00fcnster (Westfalen)\" href=\"https:\/\/de.wikipedia.org\/wiki\/M%C3%BCnster_%28Westfalen%29\">M\u00fcnster<\/a>, begann Weppelmann seinen beruflichen Werdegang mit einer Stelle als Regie- und Dramaturgie-Assistent am M\u00fcnsteraner Zimmertheater (dem heutigen <a title=\"Wolfgang Borchert Theater\" href=\"https:\/\/de.wikipedia.org\/wiki\/Wolfgang_Borchert_Theater\">Wolfgang Borchert Theater<\/a>). Sp\u00e4ter arbeitete er als freier Journalist f\u00fcr verschiedene Kulturredaktionen, anschlie\u00dfend \u00fcbernahm Weppelmann eine leitende Stellung beim Dortmunder Harenberg-Verlag, bevor er sich Ende der 1990er Jahre ganz der Kunst widmete. Seit 2005 hat er dem Gartenthema einen besonderen Schwerpunkt in seiner k\u00fcnstlerischen Arbeit einger\u00e4umt.<\/p>\n<h2 style=\"text-align: center;\"><span id=\"Werk\" class=\"mw-headline\">Werk<\/span><\/h2>\n<p>Weppelmann arbeitet interdisziplin\u00e4r. In seinen k\u00fcnstlerischen Projekten bringt er die unterschiedlichsten Fachdisziplinen zusammen. <a title=\"Konzeptkunst\" href=\"https:\/\/de.wikipedia.org\/wiki\/Konzeptkunst\">Konzeptkunst<\/a>, <a title=\"Aktionskunst\" href=\"https:\/\/de.wikipedia.org\/wiki\/Aktionskunst\">Aktionskunst<\/a>, <a title=\"Videokunst\" href=\"https:\/\/de.wikipedia.org\/wiki\/Videokunst\">Videokunst<\/a>, <a class=\"mw-redirect\" title=\"Fotokunst\" href=\"https:\/\/de.wikipedia.org\/wiki\/Fotokunst\">Fotokunst<\/a>, <a title=\"Gartenkunst\" href=\"https:\/\/de.wikipedia.org\/wiki\/Gartenkunst\">Gartenkunst<\/a> und <a class=\"mw-disambig\" title=\"Installation\" href=\"https:\/\/de.wikipedia.org\/wiki\/Installation\">Installation<\/a> werden h\u00e4ufig in eine Gesamtinszenierung einbezogen und durch ein eigenst\u00e4ndig kuratiertes Vortrags- und Kulturprogramm erg\u00e4nzt. <a title=\"Subversion\" href=\"https:\/\/de.wikipedia.org\/wiki\/Subversion\">Subversion<\/a> als k\u00fcnstlerische Strategie unterstreicht oft den kritischen und politischen Anspruch seiner Arbeit.<\/p>\n<p>Zum Anfang seiner k\u00fcnstlerischen T\u00e4tigkeit hat Weppelmann sich intensiv mit dem Ende des menschlichen Lebens auseinandergesetzt. Seine Fotoreihe <i>Hier m\u00f6chte ich sterben<\/i> wurde in ganz Deutschland gezeigt.<sup id=\"cite_ref-1\" class=\"reference\"><a href=\"https:\/\/de.wikipedia.org\/wiki\/Wilm_Weppelmann#cite_note-1\">[1]<\/a><\/sup> Wilm Weppelmann war <a title=\"Kurator (Museum)\" href=\"https:\/\/de.wikipedia.org\/wiki\/Kurator_%28Museum%29\">Kurator<\/a> und <a title=\"K\u00fcnstler\" href=\"https:\/\/de.wikipedia.org\/wiki\/K%C3%BCnstler\">K\u00fcnstler<\/a> der Ausstellung <i>Sterben kommt<\/i> des <a title=\"Museum f\u00fcr Sepulkralkultur\" href=\"https:\/\/de.wikipedia.org\/wiki\/Museum_f%C3%BCr_Sepulkralkultur\">Museums f\u00fcr Sepulkralkultur<\/a> in <a title=\"Kassel\" href=\"https:\/\/de.wikipedia.org\/wiki\/Kassel\">Kassel<\/a> (24. April 2004 bis 5. Oktober 2004). Dabei wurden den Besuchern auf einer Fl\u00e4che von 500 m\u00b2 unterschiedliche <a title=\"Installation (Kunst)\" href=\"https:\/\/de.wikipedia.org\/wiki\/Installation_%28Kunst%29\">Installationen<\/a> aus den Bereichen Foto, Film und Ton pr\u00e4sentiert.<sup id=\"cite_ref-2\" class=\"reference\"><a href=\"https:\/\/de.wikipedia.org\/wiki\/Wilm_Weppelmann#cite_note-2\">[2]<\/a><\/sup> Die Akademie der Di\u00f6zese Rottenburg-Stuttgart pr\u00e4sentierte im Jahr 2005 Weppelmanns Installation <i>Die letzte Frage<\/i>.<sup id=\"cite_ref-3\" class=\"reference\"><a href=\"https:\/\/de.wikipedia.org\/wiki\/Wilm_Weppelmann#cite_note-3\">[3]<\/a><\/sup><\/p>\n<p>In seiner k\u00fcnstlerische Fotografie ber\u00fchrt Weppelmann Grenzthemen des menschlichen Lebens. Konzept- und Portr\u00e4tfotoreihen zur Zukunft des Menschen, dem Leben in der Nacht oder auch dem Sterben wurden zumeist in <a title=\"Schwarzwei\u00dffotografie\" href=\"https:\/\/de.wikipedia.org\/wiki\/Schwarzwei%C3%9Ffotografie\">Schwarzwei\u00dffotografien<\/a> ausgearbeitet und ausgestellt. Eine surreale Poesie findet sich in seinen Fotoplakatentw\u00fcrfen f\u00fcr die <a title=\"Freie Gartenakademie\" href=\"https:\/\/de.wikipedia.org\/wiki\/Freie_Gartenakademie\">Freie Gartenakademie<\/a>, die einen Kultstatus erreicht haben.<sup id=\"cite_ref-4\" class=\"reference\"><a href=\"https:\/\/de.wikipedia.org\/wiki\/Wilm_Weppelmann#cite_note-4\">[4]<\/a><\/sup><sup id=\"cite_ref-5\" class=\"reference\"><a href=\"https:\/\/de.wikipedia.org\/wiki\/Wilm_Weppelmann#cite_note-5\">[5]<\/a><\/sup><\/p>\n<p>Auf allen Ebenen seiner k\u00fcnstlerischen Arbeit nimmt seit 2005 der urbane Garten und das Stadtgr\u00fcn, als Kunst-, Natur- und Kulturraum, eine vorrangige Stellung ein, dazu geh\u00f6ren: inszenierte Fotografie, Interventionen im \u00f6ffentlichen Raum, <a title=\"Guerilla Gardening\" href=\"https:\/\/de.wikipedia.org\/wiki\/Guerilla_Gardening\">Guerilla Gardening<\/a>, Dauerperformance, Erd- und Pflanzeninstallationen, schwimmende Gem\u00fcseg\u00e4rten und weitere Gartenkreationen, die sich auch mit historischen Themen besch\u00e4ftigen. Zentrale Bezugspunkte sind der <a title=\"Kleingarten\" href=\"https:\/\/de.wikipedia.org\/wiki\/Kleingarten\">Kleingarten<\/a>, die Gem\u00fcsekultur und damit verbunden die Selbstversorgungswirtschaft.<\/p>\n<h2 style=\"text-align: center;\"><span id=\"Einzelprojekte_als_Gartenk.C3.BCnstler\" class=\"mw-headline\">Einzelprojekte als Gartenk\u00fcnstler<\/span><\/h2>\n<p>Weppelmann gr\u00fcndete 2006 die <a title=\"Freie Gartenakademie\" href=\"https:\/\/de.wikipedia.org\/wiki\/Freie_Gartenakademie\">Freie Gartenakademie<\/a>. Die internationale Kulturveranstaltungsreihe findet j\u00e4hrlich in seinem Schrebergarten in einer Kleingartenanlage in M\u00fcnster statt und besch\u00e4ftigt sich mit dem Thema Garten in allen \u201eexistentiellen, \u00f6kologischen, philosophischen, sozialen und kulturellen Dimensionen\u201c.<sup id=\"cite_ref-6\" class=\"reference\"><a href=\"https:\/\/de.wikipedia.org\/wiki\/Wilm_Weppelmann#cite_note-6\">[6]<\/a><\/sup><sup id=\"cite_ref-7\" class=\"reference\"><a href=\"https:\/\/de.wikipedia.org\/wiki\/Wilm_Weppelmann#cite_note-7\">[7]<\/a><\/sup><\/p>\n<div class=\"thumb tright\">\n<div class=\"thumbinner\">\n<figure id=\"attachment_1356\" aria-describedby=\"caption-attachment-1356\" style=\"width: 800px\" class=\"wp-caption aligncenter\"><a href=\"http:\/\/www.weppelmann.de\/wp-content\/uploads\/2016\/02\/7udylu4r.bmp\" rel=\"attachment wp-att-1356\"><img loading=\"lazy\" decoding=\"async\" class=\"wp-image-1356 size-full\" src=\"http:\/\/www.weppelmann.de\/wp-content\/uploads\/2016\/02\/7udylu4r.bmp\" alt=\"aFARM II 2014\" width=\"800\" height=\"548\" \/><\/a><figcaption id=\"caption-attachment-1356\" class=\"wp-caption-text\">aFarm II \u2013 eine Installation von Wilm Weppelmann (2014) auf dem Aasee (M\u00fcnster)<\/figcaption><\/figure>\n<\/div>\n<\/div>\n<p>Im Sommer 2013 verwirklichte Wilm Weppelmann einen 24 qm gro\u00dfen, schwimmenden Gem\u00fcsegarten als tempor\u00e4re k\u00fcnstlerische <a class=\"mw-disambig\" title=\"Installation\" href=\"https:\/\/de.wikipedia.org\/wiki\/Installation\">Installation<\/a> auf dem <a title=\"Aasee (M\u00fcnster)\" href=\"https:\/\/de.wikipedia.org\/wiki\/Aasee_%28M%C3%BCnster%29\">Aasee (M\u00fcnster)<\/a>.<sup id=\"cite_ref-8\" class=\"reference\"><a href=\"https:\/\/de.wikipedia.org\/wiki\/Wilm_Weppelmann#cite_note-8\">[8]<\/a><\/sup><sup id=\"cite_ref-9\" class=\"reference\"><a href=\"https:\/\/de.wikipedia.org\/wiki\/Wilm_Weppelmann#cite_note-9\">[9]<\/a><\/sup> Er nannte sein Selbstversorgungsprojekt <i>aFARM<\/i>, um einen Bezug zur globalen Landwirtschaft herzustellen. 2014 erweiterte er das Experiment durch ein Mikrohaus. Vom 1. September bis 30. September 2014 verbrachte er Tag und Nacht in einer Dauerperformance auf der Garteninsel und ern\u00e4hrte sich von den dort gewachsenen Gartenbaufr\u00fcchten. Zu seinem streng reglementierten Tagesablauf geh\u00f6rte nicht nur die g\u00e4rtnerische Arbeit, sondern auch die Aufgabe eines Stadtausrufers, der das Thema der Installation \u201ewas ich brauche\u201c und damit die menschlichen Grundbed\u00fcrfnisse lautstark ansprach.<sup id=\"cite_ref-10\" class=\"reference\"><a href=\"https:\/\/de.wikipedia.org\/wiki\/Wilm_Weppelmann#cite_note-10\">[10]<\/a><\/sup> Das Projekt fand eine gro\u00dfe \u00fcberregionale Resonanz.<sup id=\"cite_ref-11\" class=\"reference\"><a href=\"https:\/\/de.wikipedia.org\/wiki\/Wilm_Weppelmann#cite_note-11\">[11]<\/a><\/sup><\/p>\n<p>Mit weiteren Langzeitprojekten ist Weppelmann auch international aktiv: <i>The Adventures of Rod Cabbage<\/i><sup id=\"cite_ref-12\" class=\"reference\"><a href=\"https:\/\/de.wikipedia.org\/wiki\/Wilm_Weppelmann#cite_note-12\">[12]<\/a><\/sup> (Konzeptkunst), <i>Urban Restruction Site<\/i><sup id=\"cite_ref-13\" class=\"reference\"><a href=\"https:\/\/de.wikipedia.org\/wiki\/Wilm_Weppelmann#cite_note-13\">[13]<\/a><\/sup> (Installationen zur Neuvermessung der Stadt), <i>Der Winterschlaf von Wilm Weppelmann<\/i><sup id=\"cite_ref-14\" class=\"reference\"><a href=\"https:\/\/de.wikipedia.org\/wiki\/Wilm_Weppelmann#cite_note-14\">[14]<\/a><\/sup> (Konzeptkunst zum Rhythmus des Lebens), <i>Gardenstreet<\/i> (Interventionen im \u00f6ffentlichen Stra\u00dfenraum in ganz Europa) und <i>The Hunger Garden<\/i><sup id=\"cite_ref-15\" class=\"reference\"><a href=\"https:\/\/de.wikipedia.org\/wiki\/Wilm_Weppelmann#cite_note-15\">[15]<\/a><\/sup> (Garteninstallation zum Hunger in der Gegenwart und Vergangenheit).<\/p>\n<h2><span id=\"Publikationen_.28Auswahl.29\" class=\"mw-headline\">Publikationen (Auswahl)<\/span><\/h2>\n<ul>\n<li>Aus dem W\u00f6rterbuch der Sterblichkeiten (1996)<\/li>\n<li>Ich verl\u00e4sst ich (2003) <a class=\"internal mw-magiclink-isbn\" href=\"https:\/\/de.wikipedia.org\/wiki\/Spezial:ISBN-Suche\/3930322455\">ISBN 3-930322-45-5<\/a><\/li>\n<li>Die Kunst in sich zu wohnen (2004) <a class=\"internal mw-magiclink-isbn\" href=\"https:\/\/de.wikipedia.org\/wiki\/Spezial:ISBN-Suche\/3924447276\">ISBN 3-924447-27-6<\/a><\/li>\n<li>Sterben kommt (2004) <a class=\"internal mw-magiclink-isbn\" href=\"https:\/\/de.wikipedia.org\/wiki\/Spezial:ISBN-Suche\/392444725X\">ISBN 3-924447-25-X<\/a><\/li>\n<\/ul>\n<h2><span id=\"Einzelnachweise\" class=\"mw-headline\">Einzelnachweise<\/span><\/h2>\n<ul>\n<li id=\"cite_note-1\"><span class=\"reference-text\">Franz Josef Lay: <a class=\"external text\" href=\"http:\/\/www.suedkurier.de\/region\/bodenseekreis-oberschwaben\/weingarten\/Der-Tod-ein-Teil-des-Lebens;art372498\" rel=\"nofollow\"><i>Der Tod, ein Teil des Lebens.<\/i><\/a> In: <i><a title=\"S\u00fcdkurier\" href=\"https:\/\/de.wikipedia.org\/wiki\/S%C3%BCdkurier\">S\u00fcdkurier<\/a><\/i> , 25. Mai 2009. Abgerufen am 24. Januar 2016.<\/span><\/li>\n<li id=\"cite_note-2\"><span class=\"reference-text\">sterben kommt: Eine Ausstellung im Kasseler Sepukralmuseum\u201c <a class=\"external text\" href=\"http:\/\/www.theomag.de\/30\/red1.htm\" rel=\"nofollow\"><i>sterben kommt<\/i><\/a> In: T\u00e0 katoptriz\u00f3mena, das Magazin f\u00fcr Kunst, Kultur, Heft 30, 2004. Abgerufen am 24. Januar 2016.<\/span><\/li>\n<li id=\"cite_note-3\"><span class=\"reference-text\">Ariane W\u00f6lpper: Stuttgart und die letzte Frage \u2013 vor dem Tod. In: <i>Stuttgarter Zeitung<\/i>, 13. Januar 2005.<\/span><\/li>\n<li id=\"cite_note-4\"><span class=\"reference-text\">Gerhard H. Kock: \u201e..legend\u00e4re Plakate ..\u201c: <a class=\"external text\" href=\"http:\/\/www.wn.de\/Muenster\/Kultur\/2004891-Freie-Gartenakademie-von-Wilm-Weppelmann-findet-zum-zehnten-Mal-statt-Guerilleros-kaempfen-fuer-Gruenl\" rel=\"nofollow\"><i>Guerilleros k\u00e4mpfen f\u00fcr Gr\u00fcn.<\/i><\/a> In: <i>Westf\u00e4lische Nachrichten<\/i>, 9. Juni 2015. Abgerufen am 24. Januar 2016.<\/span><\/li>\n<li id=\"cite_note-5\"><span class=\"reference-text\">Manuel Jennen:<a class=\"external text\" href=\"http:\/\/www.ruhrnachrichten.de\/leben-und-erleben\/kultur-muensterland\/Foto-Shooting-fuer-Gartenakademie-Weppelmanns-Karottenkrieger;art2551,2444621\" rel=\"nofollow\"><i>Weppelmanns Karottenkrieger. Foto-Shooting f\u00fcr Gartenakademie.<\/i><\/a> In: <i>Ruhr Nachrichten<\/i>, 7. August 2014. Abgerufen am 24. Januar 2016.<\/span><\/li>\n<li id=\"cite_note-6\"><span class=\"reference-text\">Helga Reitter: <a class=\"external text\" href=\"http:\/\/www.welt.de\/welt_print\/vermischtes\/article8113462\/Zwischen-Kant-und-Kuerbis.html\" rel=\"nofollow\"><i>Zwischen Kant und K\u00fcrbis .<\/i><\/a> In: <i>Welt am Sonntag<\/i>, 20. Juni 2010. Abgerufen am 24. Januar 2016.<\/span><\/li>\n<li id=\"cite_note-7\"><span class=\"reference-text\">Eva Hakes: <a class=\"external text\" href=\"http:\/\/www.wandermagazin.de\/heft-abo\/heftarchiv\/artikel\/2012\/163\/guerrilla-gardening-wilde-triebe-im-schrebergarten\/\" rel=\"nofollow\"><i>Wilde Triebe im Schrebergarten.<\/i><\/a> In: <i>Wandermagazin<\/i>, Ausgabe 163, M\u00e4rz 2012. Abgerufen am 24. Januar 2016.<\/span><\/li>\n<li id=\"cite_note-8\"><span class=\"reference-text\">Sabine M\u00fcller: <a class=\"external text\" href=\"http:\/\/www.ruhrnachrichten.de\/leben-und-erleben\/kultur-muensterland\/Installation-von-Wilm-Weppelmann-Auf-dem-Aasee-schwimmt-ein-Garten;art2551,2066233\" rel=\"nofollow\"><i>Auf dem Aasee schwimmt ein Garten.<\/i><\/a> In: <i><a title=\"Ruhr Nachrichten\" href=\"https:\/\/de.wikipedia.org\/wiki\/Ruhr_Nachrichten\">Ruhr Nachrichten<\/a><\/i>, 17. Juli 2013. Abgerufen am 24. Januar 2016.<\/span><\/li>\n<li id=\"cite_note-9\"><span class=\"reference-text\">Heike Eickhoff:<a class=\"external text\" href=\"http:\/\/www.wn.de\/Muenster\/Kultur\/Wilm-Weppelmanns-Beete-Boot-verlaesst-den-Aasee-Garteninsel-ist-abgeerntet\" rel=\"nofollow\">Wilm Weppelmanns Beete-Boot verl\u00e4sst den Aasee<\/a> In: <i>Westf\u00e4lische Nachrichten<\/i>, 28. Oktober 2013. Abgerufen am 24. Januar 2016.<\/span><\/li>\n<li id=\"cite_note-10\"><span class=\"reference-text\">Gerhard H. Kock: <a class=\"external text\" href=\"http:\/\/www.wn.de\/Muenster\/Kultur\/1706678-Wilm-Weppelmann-bezieht-seine-Einsiedelei-auf-dem-Aasee-Das-muss-fuer-30-Tage-reichen\" rel=\"nofollow\"><i>Das muss f\u00fcr 30 Tage reichen \u2013 Wilm Weppelmann bezieht seine Einsiedelei auf dem Aasee.<\/i><\/a> In: <i>Westf\u00e4lische Nachrichten<\/i>, 1. September 2014. Abgerufen am 24. Januar 2016.<\/span><\/li>\n<li id=\"cite_note-11\"><span class=\"reference-text\">Ute Scheub: <a class=\"external text\" href=\"http:\/\/www.zeitpunkt.ch\/news\/artikel-einzelansicht\/artikel\/was-braucht-der-mensch-wirklich.html?cHash=c38bc95a7e&amp;type=98\" rel=\"nofollow\"><i>Was braucht der Mensch wirklich?<\/i><\/a> In: <i>Zeitpunkt Schweiz<\/i>, 7. Januar 2015. Abgerufen am 24. Januar 2016.<\/span><\/li>\n<li id=\"cite_note-12\"><span class=\"reference-text\"><a class=\"external text\" href=\"http:\/\/www.wn.de\/Muenster\/Kultur\/2013\/08\/Kleiner-Rotkohl-auf-grosser-Fahrt-Ausstellung-und-Show-von-Weppelmann\" rel=\"nofollow\"><i>Kleiner-Rotkohl-auf-grosser-Fahrt.<\/i><\/a> In: <i>Westf\u00e4lische Nachrichten<\/i>, 1. August 2013. Abgerufen am 24. Januar 2016.<\/span><\/li>\n<li id=\"cite_note-13\"><span class=\"reference-text\">Petra Noppeney:<a class=\"external text\" href=\"http:\/\/www.wn.de\/Welt\/Kultur\/2019284-Flurstuecke-2015-Wie-weit-bis-zur-naechsten-Kartoffelpflanze\" rel=\"nofollow\"><i>Wie weit bis zur n\u00e4chsten Kartoffelpflanze?.<\/i><\/a> In: <i>Westf\u00e4lische Nachrichten<\/i>, 19. Juni 2015. Abgerufen am 24. Januar 2016.<\/span><\/li>\n<li id=\"cite_note-14\"><span class=\"reference-text\">Petra Noppeney:<a class=\"external text\" href=\"http:\/\/www.wn.de\/Muenster\/2010\/12\/Warum-kommt-man-nicht-zur-Ruhe-Kuenstler-Wilm-Weppelmann-laedt-sich-zu-seinem-ersten-Winterschlaf-einige-Experten-ins-Bett\" rel=\"nofollow\"><i>Warum kommt man nicht zur Ruhe?.<\/i><\/a> In: <i>Westf\u00e4lische Nachrichten<\/i>, 7. August 2010. Abgerufen am 24. Januar 2016<\/span><\/li>\n<li id=\"cite_note-15\"><span class=\"reference-text\"><i>The Hunger Garden I<\/i> in <a title=\"Weingarten (W\u00fcrttemberg)\" href=\"https:\/\/de.wikipedia.org\/wiki\/Weingarten_%28W%C3%BCrttemberg%29\">Weingarten (W\u00fcrttemberg)<\/a>:<a class=\"external text\" href=\"http:\/\/www.das-hunger-projekt.de\/E1_01_popup100921\" rel=\"nofollow\"><i>Das Hunger Projekt<\/i><\/a> . Abgerufen am 24. Januar 2016.<\/span><\/li>\n<\/ul>\n<h2><span id=\"Weblinks\" class=\"mw-headline\">Weblinks<\/span><\/h2>\n<ul>\n<li><a class=\"external text\" href=\"https:\/\/portal.dnb.de\/opac.htm?method=simpleSearch&amp;query=124820964\" rel=\"nofollow\">Werke von und \u00fcber Wilm Weppelmann<\/a> im Katalog der <a title=\"Deutsche Nationalbibliothek\" href=\"https:\/\/de.wikipedia.org\/wiki\/Deutsche_Nationalbibliothek\">Deutschen Nationalbibliothek<\/a><\/li>\n<li><a class=\"external text\" href=\"http:\/\/www.muensterwiki.de\/index.php\/Wilm_Weppelmann\" rel=\"nofollow\">Der K\u00fcnstler Wilm Weppelmann und die Stadt M\u00fcnster<\/a><\/li>\n<li><a class=\"external text\" href=\"http:\/\/www.gartenakademie.org\" rel=\"nofollow\">Weppelmanns Projekt <i>Freie Gartenakademie<\/i><\/a><\/li>\n<\/ul>\n<\/div>","protected":false},"excerpt":{"rendered":"<p>Wilm Weppelmann\u00a0 (K\u00fcnstler)\u00a0 &#8211; eine \u00dcbersicht Quelle: Wikipedia.org (abgerufen am 15.2.2016) \u00a0Wilm Weppelmann (* 17. April 1957 in L\u00fcdinghausen) ist<\/p>\n","protected":false},"author":2,"featured_media":1356,"comment_status":"open","ping_status":"open","sticky":true,"template":"","format":"standard","meta":{"footnotes":""},"categories":[6],"tags":[34,35],"class_list":["post-1331","post","type-post","status-publish","format-standard","has-post-thumbnail","hentry","category-kunst","tag-wilm-weppelmann","tag-kuenstler"],"_links":{"self":[{"href":"https:\/\/www.weppelmann.de\/index.php?rest_route=\/wp\/v2\/posts\/1331","targetHints":{"allow":["GET"]}}],"collection":[{"href":"https:\/\/www.weppelmann.de\/index.php?rest_route=\/wp\/v2\/posts"}],"about":[{"href":"https:\/\/www.weppelmann.de\/index.php?rest_route=\/wp\/v2\/types\/post"}],"author":[{"embeddable":true,"href":"https:\/\/www.weppelmann.de\/index.php?rest_route=\/wp\/v2\/users\/2"}],"replies":[{"embeddable":true,"href":"https:\/\/www.weppelmann.de\/index.php?rest_route=%2Fwp%2Fv2%2Fcomments&post=1331"}],"version-history":[{"count":7,"href":"https:\/\/www.weppelmann.de\/index.php?rest_route=\/wp\/v2\/posts\/1331\/revisions"}],"predecessor-version":[{"id":1357,"href":"https:\/\/www.weppelmann.de\/index.php?rest_route=\/wp\/v2\/posts\/1331\/revisions\/1357"}],"wp:featuredmedia":[{"embeddable":true,"href":"https:\/\/www.weppelmann.de\/index.php?rest_route=\/wp\/v2\/media\/1356"}],"wp:attachment":[{"href":"https:\/\/www.weppelmann.de\/index.php?rest_route=%2Fwp%2Fv2%2Fmedia&parent=1331"}],"wp:term":[{"taxonomy":"category","embeddable":true,"href":"https:\/\/www.weppelmann.de\/index.php?rest_route=%2Fwp%2Fv2%2Fcategories&post=1331"},{"taxonomy":"post_tag","embeddable":true,"href":"https:\/\/www.weppelmann.de\/index.php?rest_route=%2Fwp%2Fv2%2Ftags&post=1331"}],"curies":[{"name":"wp","href":"https:\/\/api.w.org\/{rel}","templated":true}]}}