{"id":716,"date":"2014-01-20T10:44:53","date_gmt":"2014-01-20T08:44:53","guid":{"rendered":"http:\/\/www.weppelmann.de\/?p=716"},"modified":"2014-02-07T06:36:21","modified_gmt":"2014-02-07T04:36:21","slug":"archiv-wilm-weppelmann-2004-sterben-kommtarchiv-wilm-weppelmann-2004-sterben-kommt","status":"publish","type":"post","link":"https:\/\/www.weppelmann.de\/?p=716","title":{"rendered":"Archiv 2004: &#8222;sterben kommt&#8220;"},"content":{"rendered":"<div class=\"pf-content\"><p style=\"text-align: center;\"><a href=\"http:\/\/www.weppelmann.de\/wp-content\/uploads\/2014\/01\/Cover-klein.jpg\"><img loading=\"lazy\" decoding=\"async\" class=\"aligncenter  wp-image-714\" alt=\"Cover klein\" src=\"http:\/\/www.weppelmann.de\/wp-content\/uploads\/2014\/01\/Cover-klein-266x300.jpg\" width=\"200\" height=\"226\" srcset=\"https:\/\/www.weppelmann.de\/wp-content\/uploads\/2014\/01\/Cover-klein-266x300.jpg 266w, https:\/\/www.weppelmann.de\/wp-content\/uploads\/2014\/01\/Cover-klein.jpg 354w\" sizes=\"auto, (max-width: 200px) 100vw, 200px\" \/><\/a><\/p>\n<p style=\"text-align: center;\"><strong>sterben kommt.\u00a0 s<\/strong>zene_Wilm Weppelmann<\/p>\n<p style=\"text-align: center;\"><strong>24.4.2004 bis 19.9.2004\u00a0<\/strong> im<a href=\"http:\/\/www.sepulkralmuseum.de\/\"> Museum f\u00fcr Sepulkralkultur Kassel<\/a> Ausstellungsfl\u00e4che: 700 qm<\/p>\n<p style=\"text-align: center;\">Artassistenz und Realisation:\u00a0 Willi Landsknecht, Thomas Poggenhans und Thomas Unger<br \/>\nSupervisor: Dr. Andreas Mussenbrock, Martin Grundmann<br \/>\nFotoassistenz: Wolfgang Kortmann<br \/>\nIllustrationen \u201eDie Kunst in sich zu wohnen\u201c R\u00fcdiger Pfeffer<br \/>\nund die Mitarbeiter des Museums f\u00fcr Sepulkralkultur Kassel\u00a0Kataloglayout: Heinz Dalm\u00fchle<\/p>\n<p style=\"text-align: center;\"><strong>Medienecho 2004:<\/strong> Frankfurter Rundschau: &#8222;Der M\u00fcnsteraner K\u00fcnstler Wilm Weppelmann zeigt ein Haus \u00fcber Leben und Tod.&#8220; Kulturspiegel: &#8220; .. mutig und gut: Wilm Weppelmann verwandelt das Museum f\u00fcr Sepulkralkultur in Zimmer mit Aussichten auf die Endlichkeit ..&#8220; HR Fernsehen: &#8220; .. keine leichte Kost, aber konsequent ..&#8220; NDR 1: &#8222;.. intelligent und vielschichtig&#8230;&#8220;<\/p>\n<p style=\"text-align: center;\"><strong>Katalog:<\/strong> &#8222;sterben kommt. szene_wilm weppelmann&#8220; Hrsg. Museum f\u00fcr Sepulkralkultur Kassel 2004 ISBN 3-924447-25-x<br \/>\nmit dem Supplement Wilm Weppelmann &#8222;Die Kunst in sich zu wohnen&#8220; ISBN 3-924447-27-6<\/p>\n<p style=\"text-align: center;\">&#8222;Niemand hat das Thema wirklich gewollt. Der Tod ist uns allen nah und fern zugleich. M\u00fchsam versuchen wir ihn aus unserem Wahrnehmungskreis zu verdr\u00e4ngen. Aber je mehr wir diesen Versuch unternehmen, um so mehr entfernen wir uns &#8211; von uns selbst. Das Ende des Lebens ist unfasslich und mit einem abstrakten Schrecken besetzt. Das Bewusstsein um die eigene Endlichkeit ist tief in unserem Wesen verantkert und verbindet sich mit allen Poren unseres Lebens. Ja, sterben kommt. Wir wissen darum und wissen doch nichts.&#8220; Wilm Weppelmann 2004<\/p>\n<p style=\"text-align: center;\"><a href=\"http:\/\/www.weppelmann.de\/wp-content\/uploads\/2014\/01\/Bild-014_Gr\u00f6\u00dfenver\u00e4nderung.jpg\"><img loading=\"lazy\" decoding=\"async\" class=\"aligncenter  wp-image-730\" alt=\"OLYMPUS DIGITAL CAMERA\" src=\"http:\/\/www.weppelmann.de\/wp-content\/uploads\/2014\/01\/Bild-014_Gr\u00f6\u00dfenver\u00e4nderung.jpg\" width=\"210\" height=\"155\" \/><\/a><a href=\"http:\/\/www.weppelmann.de\/wp-content\/uploads\/2014\/01\/Bild-028_Gr\u00f6\u00dfenver\u00e4nderung.jpg\"><img loading=\"lazy\" decoding=\"async\" class=\"aligncenter size-full wp-image-729\" alt=\"Bild 028_Gr\u00f6\u00dfenver\u00e4nderung\" src=\"http:\/\/www.weppelmann.de\/wp-content\/uploads\/2014\/01\/Bild-028_Gr\u00f6\u00dfenver\u00e4nderung.jpg\" width=\"211\" height=\"141\" \/><\/a> <a href=\"http:\/\/www.weppelmann.de\/wp-content\/uploads\/2014\/01\/F1000021_Gr\u00f6\u00dfenver\u00e4nderung.jpg\"><img loading=\"lazy\" decoding=\"async\" class=\"aligncenter  wp-image-736\" alt=\"F1000021_Gr\u00f6\u00dfenver\u00e4nderung\" src=\"http:\/\/www.weppelmann.de\/wp-content\/uploads\/2014\/01\/F1000021_Gr\u00f6\u00dfenver\u00e4nderung-200x300.jpg\" width=\"208\" height=\"311\" srcset=\"https:\/\/www.weppelmann.de\/wp-content\/uploads\/2014\/01\/F1000021_Gr\u00f6\u00dfenver\u00e4nderung-200x300.jpg 200w, https:\/\/www.weppelmann.de\/wp-content\/uploads\/2014\/01\/F1000021_Gr\u00f6\u00dfenver\u00e4nderung.jpg 236w\" sizes=\"auto, (max-width: 208px) 100vw, 208px\" \/><\/a><a href=\"http:\/\/www.weppelmann.de\/wp-content\/uploads\/2014\/01\/102_0248_Gr\u00f6\u00dfenver\u00e4nderung.jpg\"><img loading=\"lazy\" decoding=\"async\" class=\"aligncenter  wp-image-728\" alt=\"102_0248_Gr\u00f6\u00dfenver\u00e4nderung\" src=\"http:\/\/www.weppelmann.de\/wp-content\/uploads\/2014\/01\/102_0248_Gr\u00f6\u00dfenver\u00e4nderung.jpg\" width=\"206\" height=\"137\" \/><\/a><\/p>\n<p style=\"text-align: center;\"><strong>\u00a0Pressetext des Museums zur Ausstellung:<\/strong><\/p>\n<p style=\"text-align: center;\"><strong>25. April &#8211; 19. September 2004 sterben kommt<\/strong><\/p>\n<p>\u201eUm Gottes Willen f\u00fcr den Menschen!\u201c lautet das Motto der \u201eWoche f\u00fcr das Leben\u201c 2004 (24. April bis 1. Mai). Sie ist eine gemeinsame Initiative der evangelischen und katholischen Kirche und thematisiert \u201eDie W\u00fcrde des Menschen am Ende seines Lebens\u201c in den verschiedensten Veranstaltungen. Aus diesem Anlass zeigt das Museum f\u00fcr Sepulkralkultur die Sonderausstellung sterben kommt, inszeniert und kuratiert von dem M\u00fcnsteraner K\u00fcnstler Wilm Weppelmann.<\/p>\n<p>sterben kommt will uns in aufwendigen szenografischen Bildern vermitteln, wie nah die Grenze zwischen unserem t\u00e4glichen Handeln, Denken und F\u00fchlen zu dem meist sorgf\u00e4ltig verdr\u00e4ngten Wissen um die Begrenztheit des Lebens ist. Ausgehend von der Idee des Wohnhauses, des ganz Allt\u00e4glichen, nimmt die Ausstellung verschiedene Blickwinkel ein, und stellt immer wieder Fragen, die sich aus der jeweiligen Raumsituation erschlie\u00dfen. Aus jedem Zimmer, aus Flur, K\u00fcche, Bad, Schlaf-, Wohn- und Kinderzimmer, von Garten und Balkon aus betrachtet, bietet sich eine immer wieder andere Perspektive auf Sterben und Tod.<\/p>\n<p>So verstellen T\u00fcren den Weg in die Ausstellung, die Geburtsurkunde wird zum Schl\u00fcssel, zur Eintrittskarte. In der Diele begegnen wir zahlreichen Garderobenst\u00e4ndern mit abgelegten Gegenst\u00e4nden, ein Geben und Nehmen, eine Folge von M\u00f6glichkeiten und vertanen Chancen, bis zuletzt das eintritt, was wir ungern beim Namen nennen.<\/p>\n<p>Im Wohnzimmer bringt das Zappen mit der Fernbedienung durch die Kan\u00e4le oft keine wirkliche Entspannung, eher Verzweiflung. Schauspieler sind ge\u00fcbte Vielsterber, zeigen schon mal, wie es geht und nehmen ihre Stellvertreterrolle sehr ernst.\u00a0 Die Vorstellung vom Tod, die wir uns machen k\u00f6nnen, ist meist eine medial vermittelte, eine, \u00fcber die der \u00e4sthetische Blick l\u00e4uft; die Erfahrung des Todes bleibt uns verborgen; was bleibt, ist eine Ann\u00e4herung.<\/p>\n<p>In der K\u00fcche sehen wir, wie aus unseren Nahrungsmitteln allein durch das Vergehen von Zeit gef\u00e4hrliche Giftstoffe werden, wie Fleisch jeglicher Art sein Lustversprechen einb\u00fc\u00dft und wie aus t\u00e4glich konsumierten Genussmitteln Suchtstoffe werden, deren lebensverk\u00fcrzende Nebenwirkungen wir wohl oder \u00fcbel gern in Kauf nehmen.<\/p>\n<p>Und im Kinderzimmer \u00fcbt sich der Tod schon mal am Joystick. Kinder m\u00fcssen sich im Dschungel virtueller Kampfwelten behaupten und ihre Gameboyfertigkeiten \u00fcben. Aber es ist nur ein Spiel, denn die gezeigten Toten sind ja nie wirklich tot, in Wirklichkeit sind sie unsterblich.<\/p>\n<p>Im Schlafzimmer, im Schlaf und im Traum verlieren wir die Kontrolle \u00fcber unsere Tagesgedanken, und in der Traumwelt werden wir auch schon mal zu T\u00e4tern und Opfern.<\/p>\n<p>Aus der Vogelperspektive relativiert sich alles. Vom Balkon erscheinen alle Probleme klein, weit entfernt und verschwinden hinter dem Horizont. Wenn wir Details aus dieser Perspektive nah heranholen, r\u00fcckt \u00dcbersehenes, Bekanntes und Gew\u00f6hnliches in ein anderes Licht. Unter Zuhilfenahme weiterer Quellen zeigen sich eine F\u00fclle von Details, die uns die N\u00e4he zwischen Sicherheit und Gefahr, zwischen Freude und Trauer enth\u00fcllt.<\/p>\n<p>Die Ausstellung sterben kommt ist multimedial angelegt und sehr vielschichtig. Sie dringt ein in die h\u00e4usliche Welt der Menschen und verbindet den Alltag mit dem Ende des Daseins. Integriert sind auch Werke des Kasseler K\u00fcnstlers Harry Kramer, des D\u00fcsseldorfer K\u00fcnstlers Hannsj\u00f6rg Voth und des Karlsruher K\u00fcnstler Hermann Weber.\u00a0 Zur Ausstellung ist ein Katalog erschienen.<\/p>\n<p><strong>Auf dieser Webseite stehen auch weiterf\u00fchrende Texte und Medien zur Ausstellung zur Verf\u00fcgung:<\/strong><\/p>\n<p><a href=\"http:\/\/www.weppelmann.de\/?p=752\">Prof. Dr. Reiner S\u00f6rries &#8220; Das Haus und davon, dass das Haus kein Dach hat&#8220;<\/a><\/p>\n<p><a href=\"http:\/\/www.weppelmann.de\/?p=747\">Wilm Weppelmann &#8222;Oder die Kunst in sich zu wohnen&#8220; Einf\u00fchrungstext zur Ausstellung<\/a><\/p>\n<p><a href=\"http:\/\/www.weppelmann.de\/?p=747\"><img loading=\"lazy\" decoding=\"async\" class=\"aligncenter  wp-image-743\" alt=\"Kunst-in-sich-zu-wohnen_Gr\u00f6\u00dfenver\u00e4nderung\" src=\"http:\/\/www.weppelmann.de\/wp-content\/uploads\/2014\/01\/Kunst-in-sich-zu-wohnen_Gr\u00f6\u00dfenver\u00e4nderung-244x300.jpg\" width=\"244\" height=\"300\" srcset=\"https:\/\/www.weppelmann.de\/wp-content\/uploads\/2014\/01\/Kunst-in-sich-zu-wohnen_Gr\u00f6\u00dfenver\u00e4nderung-244x300.jpg 244w, https:\/\/www.weppelmann.de\/wp-content\/uploads\/2014\/01\/Kunst-in-sich-zu-wohnen_Gr\u00f6\u00dfenver\u00e4nderung.jpg 288w\" sizes=\"auto, (max-width: 244px) 100vw, 244px\" \/><\/a><\/p>\n<p><a href=\"http:\/\/www.weppelmann.de\/?p=758\">Texte aus dem Supplement Wilm Weppelmann &#8222;Die Kunst in sich zu wohnen&#8220; \u00a0 ISBN 3-924447-27-6<\/a><\/p>\n<p><a href=\"http:\/\/www.weppelmann.de\/wp-content\/uploads\/2014\/01\/Promo-1-SW_Gr\u00f6\u00dfenver\u00e4nderung.jpg\"><img loading=\"lazy\" decoding=\"async\" class=\"aligncenter  wp-image-740\" alt=\"Promo 1 SW_Gr\u00f6\u00dfenver\u00e4nderung\" src=\"http:\/\/www.weppelmann.de\/wp-content\/uploads\/2014\/01\/Promo-1-SW_Gr\u00f6\u00dfenver\u00e4nderung-300x225.jpg\" width=\"300\" height=\"225\" srcset=\"https:\/\/www.weppelmann.de\/wp-content\/uploads\/2014\/01\/Promo-1-SW_Gr\u00f6\u00dfenver\u00e4nderung-300x225.jpg 300w, https:\/\/www.weppelmann.de\/wp-content\/uploads\/2014\/01\/Promo-1-SW_Gr\u00f6\u00dfenver\u00e4nderung.jpg 471w\" sizes=\"auto, (max-width: 300px) 100vw, 300px\" \/><\/a><\/p>\n<p><a href=\"http:\/\/youtu.be\/jUHpTxVf5yc\"><strong>Kurzfilm \u201esterben ist ganz einfach\u201c<\/strong> Darstellerin: Christina Weiser # Regie: Wilm\u00a0 Weppelmann # Produktion: Bernhard Vormann, Stefan Hollekamp<\/a><\/p>\n<p style=\"text-align: center;\"><strong>attack yourself\u00a0 <\/strong>Bildinszenierung zur Ausstellung &#8222;sterben kommt&#8220; Fotografie: Wilm Weppelmann 2004<\/p>\n<p style=\"text-align: center;\"><a href=\"http:\/\/www.weppelmann.de\/wp-content\/uploads\/2014\/01\/Bild-016_Gr\u00f6\u00dfenver\u00e4nderung.jpg\"><img loading=\"lazy\" decoding=\"async\" class=\"aligncenter  wp-image-744\" alt=\"OLYMPUS DIGITAL CAMERA\" src=\"http:\/\/www.weppelmann.de\/wp-content\/uploads\/2014\/01\/Bild-016_Gr\u00f6\u00dfenver\u00e4nderung-300x225.jpg\" width=\"300\" height=\"225\" srcset=\"https:\/\/www.weppelmann.de\/wp-content\/uploads\/2014\/01\/Bild-016_Gr\u00f6\u00dfenver\u00e4nderung-300x225.jpg 300w, https:\/\/www.weppelmann.de\/wp-content\/uploads\/2014\/01\/Bild-016_Gr\u00f6\u00dfenver\u00e4nderung.jpg 472w\" sizes=\"auto, (max-width: 300px) 100vw, 300px\" \/><\/a><\/p>\n<p style=\"text-align: center;\"><strong>Prof. Dr. S\u00f6rries aus der Einf\u00fchrung &#8222;sterben kommt. Gedanken zur Einf\u00fchrung&#8220; Kassel 2004: <\/strong><\/p>\n<p style=\"text-align: left;\"><strong>&#8222;<\/strong>sterben kommt. ist eine Ausstellung zu einem elementaren Thema, dem sie in seiner Existenzialit\u00e4t nicht gerecht werden kann. Das kann keine Ausstellung. sterben kommt. ist der Versuch einer Ann\u00e4herung aus verschiedenen Blickwinkeln. sterben kommt. ist eine profane Ausstellung in einem religi\u00f6sen Kontext. Er\u00f6ffnet mit einem \u00f6kumenischen Gottesdienst, ist sterben kommt. der Beitrag des Museums f\u00fcr Sepulkralkultur zur \u00f6kumenischen Woche f\u00fcr das Leben, die 2004 dem Thema verpflichtet ist: &#8222;Die W\u00fcrde des Menschen am Ende seines Lebens&#8220;. Ob das Museum f\u00fcr Sepulkralkultur die Erwartungen aller Besucherinnen und Besucher mit ihren h\u00f6chst unterschiedlichen religi\u00f6sen und weltanschaulichen Voraussetzungen erf\u00fcllt, darf nicht beansprucht, darf gehofft werden. Denn die W\u00fcrde des Menschen am Ende seines Lebens ist nicht teilbar, nicht aufteilbar. Sie muss f\u00fcr Christen und Nichtchristen, f\u00fcr Juden und Moslems, f\u00fcr Hindus und Buddhisten, f\u00fcr weltanschaulich gebundene und nicht gebundene Menschen gleicherma\u00dfen gelten. Es gibt nur eine W\u00fcrde, die Menschenw\u00fcrde, nicht zuletzt als Postulat an unsere Gesellschaft, sie zu achten und das Ihre zu tun, den Anspruch auf ein Leben und Sterben in W\u00fcrde zu garantieren. Sterben in W\u00fcrde zu erm\u00f6glichen richtet sich als Forderung zun\u00e4chst an die Verantwortlichen und Professionellen in diesem Bereich. Die von England ausgehende Hospizbewegung, die in den 1980er Jahren Deutschland erreicht hat, zeigt M\u00f6glichkeiten auf, Sterbende und ihre Angeh\u00f6rigen zu betreuen und dabei ihre Selbstbestimmung zu achten. Die Errungenschaften der Palliativmedizin sind hinzugekommen und unterst\u00fctzen durch eine individuell ausgerichtete Schmerztherapie Menschen in ihrer letzten Lebensphase, die Dinge verantwortlich und selbstbestimmt zu tun, die ihnen jetzt wichtig sind. Noch sind wir ein gutes St\u00fcck davon entfernt, dass hospizliche Betreuung und palliativmedizinische Unterst\u00fctzung in ausreichendem Ma\u00df angeboten werden k\u00f6nnen, weil Geld fehlt, manchmal auch die Einsicht und letztlich das Bewusstsein f\u00fcr die Unumst\u00f6\u00dflichkeit: sterben kommt.<\/p>\n<\/div>","protected":false},"excerpt":{"rendered":"<p>sterben kommt.\u00a0 szene_Wilm Weppelmann 24.4.2004 bis 19.9.2004\u00a0 im Museum f\u00fcr Sepulkralkultur Kassel Ausstellungsfl\u00e4che: 700 qm Artassistenz und Realisation:\u00a0 Willi Landsknecht,<\/p>\n","protected":false},"author":2,"featured_media":720,"comment_status":"open","ping_status":"open","sticky":false,"template":"","format":"standard","meta":{"footnotes":""},"categories":[1,5,6],"tags":[27,10,20,21],"class_list":["post-716","post","type-post","status-publish","format-standard","has-post-thumbnail","hentry","category-allgemein","category-fotografie","category-kunst","tag-kunst","tag-ausstellung","tag-sterben","tag-tod"],"_links":{"self":[{"href":"https:\/\/www.weppelmann.de\/index.php?rest_route=\/wp\/v2\/posts\/716","targetHints":{"allow":["GET"]}}],"collection":[{"href":"https:\/\/www.weppelmann.de\/index.php?rest_route=\/wp\/v2\/posts"}],"about":[{"href":"https:\/\/www.weppelmann.de\/index.php?rest_route=\/wp\/v2\/types\/post"}],"author":[{"embeddable":true,"href":"https:\/\/www.weppelmann.de\/index.php?rest_route=\/wp\/v2\/users\/2"}],"replies":[{"embeddable":true,"href":"https:\/\/www.weppelmann.de\/index.php?rest_route=%2Fwp%2Fv2%2Fcomments&post=716"}],"version-history":[{"count":11,"href":"https:\/\/www.weppelmann.de\/index.php?rest_route=\/wp\/v2\/posts\/716\/revisions"}],"predecessor-version":[{"id":905,"href":"https:\/\/www.weppelmann.de\/index.php?rest_route=\/wp\/v2\/posts\/716\/revisions\/905"}],"wp:featuredmedia":[{"embeddable":true,"href":"https:\/\/www.weppelmann.de\/index.php?rest_route=\/wp\/v2\/media\/720"}],"wp:attachment":[{"href":"https:\/\/www.weppelmann.de\/index.php?rest_route=%2Fwp%2Fv2%2Fmedia&parent=716"}],"wp:term":[{"taxonomy":"category","embeddable":true,"href":"https:\/\/www.weppelmann.de\/index.php?rest_route=%2Fwp%2Fv2%2Fcategories&post=716"},{"taxonomy":"post_tag","embeddable":true,"href":"https:\/\/www.weppelmann.de\/index.php?rest_route=%2Fwp%2Fv2%2Ftags&post=716"}],"curies":[{"name":"wp","href":"https:\/\/api.w.org\/{rel}","templated":true}]}}