{"id":883,"date":"2014-02-05T14:21:39","date_gmt":"2014-02-05T12:21:39","guid":{"rendered":"http:\/\/www.weppelmann.de\/?p=883"},"modified":"2014-02-05T14:23:29","modified_gmt":"2014-02-05T12:23:29","slug":"das-archiv-von-wilm-weppelmann-2007","status":"publish","type":"post","link":"https:\/\/www.weppelmann.de\/?p=883","title":{"rendered":"Archiv Wilm Weppelmann: 2007"},"content":{"rendered":"<div class=\"pf-content\"><p style=\"text-align: center;\"><strong>Das Archiv von Wilm Weppelmann: 2007<\/strong><\/p>\n<h3 style=\"text-align: center;\"><a href=\"http:\/\/www.weppelmann.de\/wp-content\/uploads\/2014\/02\/Signet-klein.jpg\"><img loading=\"lazy\" decoding=\"async\" class=\"aligncenter  wp-image-861\" alt=\"Signet-klein\" src=\"http:\/\/www.weppelmann.de\/wp-content\/uploads\/2014\/02\/Signet-klein-300x156.jpg\" width=\"192\" height=\"100\" srcset=\"https:\/\/www.weppelmann.de\/wp-content\/uploads\/2014\/02\/Signet-klein-300x156.jpg 300w, https:\/\/www.weppelmann.de\/wp-content\/uploads\/2014\/02\/Signet-klein.jpg 521w\" sizes=\"auto, (max-width: 192px) 100vw, 192px\" \/><\/a><strong>2007:\u00a0 the founding\u00a0 of\u00a0 <a href=\"http:\/\/www.artivism.de\">www.artivism.de<\/a><\/strong><\/h3>\n<p style=\"text-align: center;\">together with Tim Servin\/London and Peter Hoogeboom\/Utrecht\u00a0 # Artivism is a portmanteau word combining art and activism<\/p>\n<p class=\"MsoNormal\" style=\"text-align: center;\"><span lang=\"EN-GB\" style=\"mso-ansi-language: EN-GB;\">We deconstruct the codes of politics, society, art, media and advertising. We align the structures against themselves and their claim to power. <\/span><span class=\"hps\"><span lang=\"EN\" style=\"mso-ansi-language: EN;\">We do a lot<\/span><\/span><span class=\"shorttext\"><span lang=\"EN\" style=\"mso-ansi-language: EN;\">, so they talk about, but we <\/span><\/span><span class=\"hps\"><span lang=\"EN\" style=\"mso-ansi-language: EN;\">don\u00b4t talk about, that we are we, who do it!\u00a0<\/span> Now, however, the first exhibition is planned for 2016, as a little funny public confession &#8211;\u00a0 projects: cuckoo # sponsorsheep # gardenstreet &#8230;<\/span><a href=\"http:\/\/www.weppelmann.de\/wp-content\/uploads\/2014\/02\/sponsorsheeps-klein.jpg\"><img loading=\"lazy\" decoding=\"async\" class=\"aligncenter  wp-image-864\" alt=\"sponsorsheep klein\" src=\"http:\/\/www.weppelmann.de\/wp-content\/uploads\/2014\/02\/sponsorsheeps-klein.jpg\" width=\"170\" height=\"95\" \/><\/a>signet of the project &#8222;sponsorsheep&#8220; 2008<\/p>\n<p class=\"MsoNormal\" style=\"text-align: left;\">Art has the freedom to initiate and change lives, allowing us to imagine a world free from every power &#8230; to dream and inspire anew and grant the art of freedom. Art allows us to accept no conditions, no self-evident truths, no subordination, no political group definitions, no methodical compulsions, no pleasantness in the face of time and money rules and no catering to the illusions of the &#8222;art for art\u00b4s sake&#8220; guardians. The global ecological disaster provides the backdrop for both question and task, for the independence of art.<\/p>\n<p class=\"MsoNormal\" style=\"text-align: left;\">In a cultural landscape saturated with flashed screens and second lives, art that seeks social change seems lost in virtual white-noise. Forced to the margins, political artists must struggle to find exposure and support. Artivism was created to challenge those who reject social and ecological change as a valid and necessary part of artistic work and intention.<\/p>\n<p class=\"MsoNormal\" style=\"text-align: left;\">Artivism is a network of political art and artists. We embrace art that confronts, interrogates, or even shrugs off the status quo. Artivism looks for creativity that threatens the conventional wisdom with progressive ideas. By highlighting political artists and their work, and by challenging those who deny the political, Artivism supports the creation of critical culture and strives to inspire people to act.<\/p>\n<h3 class=\"MsoNormal\" style=\"text-align: center;\">2007:\u00a0 21.6.2007 Start of &#8222;THE WORLD GARDEN PROJECT&#8220;<\/h3>\n<p class=\"MsoNormal\" style=\"text-align: center;\"><a href=\"http:\/\/www.weppelmann.de\/wp-content\/uploads\/2014\/02\/Plakat-sehr-klein1.jpg\"><img loading=\"lazy\" decoding=\"async\" class=\"aligncenter size-medium wp-image-872\" alt=\"Plakat-sehr-klein\" src=\"http:\/\/www.weppelmann.de\/wp-content\/uploads\/2014\/02\/Plakat-sehr-klein1-300x212.jpg\" width=\"300\" height=\"212\" srcset=\"https:\/\/www.weppelmann.de\/wp-content\/uploads\/2014\/02\/Plakat-sehr-klein1-300x212.jpg 300w, https:\/\/www.weppelmann.de\/wp-content\/uploads\/2014\/02\/Plakat-sehr-klein1.jpg 354w\" sizes=\"auto, (max-width: 300px) 100vw, 300px\" \/><\/a>poster\u00a0 of &#8222;THE WORLD GARDEN PROJECT&#8220; 2007 &#8211; 2009<\/p>\n<p class=\"MsoNormal\" style=\"text-align: left;\"><strong>Bericht in der Zeitschrift &#8222;&#8218;Gartenfreund&#8220; vom Juni 2007: <\/strong><\/p>\n<p style=\"text-align: center;\"><strong>&#8222;World Garden Project&#8220; vereint G\u00e4rten der Welt<\/strong><\/p>\n<p style=\"text-align: left;\">Das ,.World Garden Project&#8220; ist der neueste Baustein der 2. Freien Gartenakademie 2007. Start ist am 21. Juni.2007:\u00a0 Gartenfreunde in der ganzen Weit werden aufgefordert an \u00f6ffentlichen Pl\u00e4tzen, z. B. auch Schulen oder auf Niemandsland, kleine oder gro\u00dfe Nutzg\u00e4rten anzulegen und zu pflegen. Wer teilnimmt, &#8222;durchl\u00e4uft&#8220; mit seinem Projekt drei Phasen: \u2022 seed (s\u00e4en) \u2022 growing (wachsen) \u2022 harvest (ernten)<\/p>\n<p style=\"text-align: left;\">Diese Phasen sollen von den Teilnehmern zeitnah mit kurzen Texten und Bildern beschrieben werden und gehen dann per E-Mail zum K\u00fcnstler nach M\u00fcnster an: register@worldgardenproject.com Jeder kann Teil des Projekts werden Wer alle drei Phasen durchlaufen hat, ist dann Teil des World Garden Projects. Die Dokumentation erfolgt im Internet auf den Plattformen www.worldgardenproject.com www. worldgarden.org So soll ein Sommer in die Welt hineinwachsen und an unbehausten Orten in den St\u00e4dten dieser Weit lebendige Spuren hinterlassen.<\/p>\n<p style=\"text-align: left;\">World Garden Project Garten No. 1 startet am 21. Juni in M\u00fcnster. Dieses Projekt\u00a0 &#8222;keimt und w\u00e4chst&#8220; mit nationalen und internationalen Gr\u00fcn-Organisationen und Netzwerken. Dazu geh\u00f6ren Kleing\u00e4rtnerverb\u00e4nde, Homeless Garden Projects, Community Gardens, Schulg\u00e4rten, Interkulturelle G\u00e4rten, Guerilla Gardening, und viele andere. Das World Garden Project wird auch als Mitglied im ARTivism Network (portmanteau word combining &#8222;art&#8220; und &#8222;activism&#8220;) gef\u00fchrt werden.<\/p>\n<p style=\"text-align: left;\">Warum ein World Garden Project? Hierzu Wilm Weppelmann: &#8222;ln diesem Jahr leben zum ersten Mal mehr Menschen im urbanen Raum als im l\u00e4ndlichen Raum und der direkte Bezug zur Nahrungsmittelproduktion r\u00fcckt immer mehr in eine virtuelle Ferne. Das ist der konkrete Anlass f\u00fcr meine Projektidee.&#8220;<\/p>\n<p style=\"text-align: center;\"><a href=\"http:\/\/www.weppelmann.de\/wp-content\/uploads\/2014\/02\/New-Orleans-2007.jpg\"><img loading=\"lazy\" decoding=\"async\" class=\"aligncenter size-full wp-image-874\" alt=\"New Orleans 2007\" src=\"http:\/\/www.weppelmann.de\/wp-content\/uploads\/2014\/02\/New-Orleans-2007.jpg\" width=\"236\" height=\"170\" \/><\/a>&#8222;The World Garden Project&#8220; New Orleans 2007<\/p>\n<h3 style=\"text-align: center;\">\u00a02007: &#8222;Die Stadt fragt&#8220; von Wilm Weppelmann<\/h3>\n<p style=\"text-align: center;\">mit dem &#8222;Institut f\u00fcr Soziologie&#8220; der WWU M\u00fcnster<\/p>\n<p style=\"text-align: center;\"><a href=\"http:\/\/www.weppelmann.de\/wp-content\/uploads\/2014\/02\/Plakat-klein.jpg\"><img loading=\"lazy\" decoding=\"async\" class=\"aligncenter  wp-image-880\" alt=\"Plakat-klein\" src=\"http:\/\/www.weppelmann.de\/wp-content\/uploads\/2014\/02\/Plakat-klein-211x300.jpg\" width=\"134\" height=\"191\" srcset=\"https:\/\/www.weppelmann.de\/wp-content\/uploads\/2014\/02\/Plakat-klein-211x300.jpg 211w, https:\/\/www.weppelmann.de\/wp-content\/uploads\/2014\/02\/Plakat-klein.jpg 236w\" sizes=\"auto, (max-width: 134px) 100vw, 134px\" \/><\/a>Dokumentation: <a href=\"http:\/\/www.youtube.com\/watch?v=5X5cRvKokNg\">Film <i>Die Stadt fragt<\/i> von Ameetaa Kelsch \/ Institut f\u00fcr Soziologie <\/a><\/p>\n<p style=\"text-align: center;\"><strong>Eine Anstiftung zur Frage &#8211; der K\u00fcnstler und das Projekt<\/strong><\/p>\n<p style=\"text-align: left;\">STELLEN SIE BITIE IHRE FRAGE! Mit dieser Aufforderung hat der K\u00fcnstler Wilm Weppelmann schon die Stuttgarter B\u00fcrger irritiert. Am 23.11. und 24.11.2007\u00a0 waren die Studenten der Soziologie im k\u00fcnstlerischen Auftrag an drei\u00dfig Standorten in der Stadt M\u00fcnster aktiv, um die spontanen Fragen der M\u00fcnsteraner an ihre Stadt, an die Gesellschaft in Erfahrung zu bringen. Am 24.11.2007\u00a0 also einen Tag danach wurden diese Fragen im Zentrum der Stadt ver\u00f6ffentlicht. Die gesammelten Fragen wurden auf 1,5 x 0,9 m gro\u00dfen SW-Plakaten einzeln quer durch den ganzen Innenstadtraum in der Nacht verteilt auf H\u00e4userw\u00e4nden geklebt, d. h. am Samstagmorgen waren sie f\u00fcr alle Besucher der Stadt kaum zu \u00fcbersehen. Diese Aktion war nicht abgesprochen mit der Stadt und den Ordnungsbeh\u00f6rden und war eher \u00fcberfallartig guerillataktisch organisiert. Die Plakate wurden am Nachmittag ohne Besch\u00e4digungen der H\u00e4userw\u00e4nde wieder eingesammelt und entfernt.<\/p>\n<p style=\"text-align: left;\">Kunst und Wissenschaft ziehen in diesem Projekt an einem Strang, denn Ursprung von jeder Wissenschaft ist die Frage, das Staunen. Ein K\u00fcnstler ist auch ein Forscher hinter den Selbstverst\u00e4ndlichkeiten des Lebens, er l\u00f6st sie nur anders auf und bringt sie auf einen anderen Weg ins \u00f6ffentliche Bewu\u00dftsein als die Wissenschaft. Die menschliche Seite bekommt hier eine besondere B\u00fchne. Wilm Weppelmann arbeitet in seinem Projekt an der Schnittstelle von Kunst und Poltitik, will anst\u00f6\u00dfig sein. Seine Ausstellungen zum Tabuthema Sterben haben Akzente gesetzt. Er agiert subversiv und interveniert hintergr\u00fcndig im \u00f6ffentlichen Raum. Immer ein Experiment, das auch f\u00fcr die M\u00f6glichkeit des Scheiterns offen ist.<\/p>\n<p style=\"text-align: center;\"><strong>Eine Antwort zur Frage &#8211; ein Exkurs<\/strong><\/p>\n<p style=\"text-align: left;\">Die Frage ist Ausdruck eines universellen menschlichen Verm\u00f6gens, als eine Weise, Weit. eigenes Selbst. Du und Wir zu erkunden um mit ihnen in Beziehung zu treten, sich auf das Wagnis Wissen, Erkennen und Erfahren einzulassen und sich gleicherma\u00dfen dem Zweifel, der Kritik, dem Nicht-Wissen, der bleibenden Fragw\u00fcrdigkeit auszusetzen. Eine Frage muss nicht beantwortet werden. Sie erh\u00e4lt ihre Berechtigung nicht durch eine Antwort, sondern ganz allein aus sich. ln Fragen steckt deshalb eine eigene Wahrheit,\u00a0 weil sie uns sensibilisieren f\u00fcr die Wirklichkeit, in der wir leben.<\/p>\n<p style=\"text-align: left;\"><a href=\"http:\/\/www.weppelmann.de\/wp-content\/uploads\/2014\/02\/IMG_7336-verkleinert.jpg\"><img loading=\"lazy\" decoding=\"async\" class=\"aligncenter  wp-image-882\" alt=\"IMG_7336 verkleinert\" src=\"http:\/\/www.weppelmann.de\/wp-content\/uploads\/2014\/02\/IMG_7336-verkleinert-300x200.jpg\" width=\"300\" height=\"200\" srcset=\"https:\/\/www.weppelmann.de\/wp-content\/uploads\/2014\/02\/IMG_7336-verkleinert-300x200.jpg 300w, https:\/\/www.weppelmann.de\/wp-content\/uploads\/2014\/02\/IMG_7336-verkleinert.jpg 354w\" sizes=\"auto, (max-width: 300px) 100vw, 300px\" \/><\/a><a href=\"http:\/\/www.weppelmann.de\/wp-content\/uploads\/2014\/02\/IMG_7369-verkleinert.jpg\"><img loading=\"lazy\" decoding=\"async\" class=\"aligncenter  wp-image-881\" alt=\"IMG_7369 verkleinert\" src=\"http:\/\/www.weppelmann.de\/wp-content\/uploads\/2014\/02\/IMG_7369-verkleinert-300x200.jpg\" width=\"300\" height=\"200\" srcset=\"https:\/\/www.weppelmann.de\/wp-content\/uploads\/2014\/02\/IMG_7369-verkleinert-300x200.jpg 300w, https:\/\/www.weppelmann.de\/wp-content\/uploads\/2014\/02\/IMG_7369-verkleinert.jpg 354w\" sizes=\"auto, (max-width: 300px) 100vw, 300px\" \/><\/a><\/p>\n<\/div>","protected":false},"excerpt":{"rendered":"<p>Das Archiv von Wilm Weppelmann: 2007 2007:\u00a0 the founding\u00a0 of\u00a0 www.artivism.de together with Tim Servin\/London and Peter Hoogeboom\/Utrecht\u00a0 # Artivism<\/p>\n","protected":false},"author":2,"featured_media":878,"comment_status":"open","ping_status":"open","sticky":false,"template":"","format":"standard","meta":{"footnotes":""},"categories":[1,6],"tags":[27,13,15,18],"class_list":["post-883","post","type-post","status-publish","format-standard","has-post-thumbnail","hentry","category-allgemein","category-kunst","tag-kunst","tag-guerilla-gardening","tag-konzeptkunst","tag-archiv"],"_links":{"self":[{"href":"https:\/\/www.weppelmann.de\/index.php?rest_route=\/wp\/v2\/posts\/883","targetHints":{"allow":["GET"]}}],"collection":[{"href":"https:\/\/www.weppelmann.de\/index.php?rest_route=\/wp\/v2\/posts"}],"about":[{"href":"https:\/\/www.weppelmann.de\/index.php?rest_route=\/wp\/v2\/types\/post"}],"author":[{"embeddable":true,"href":"https:\/\/www.weppelmann.de\/index.php?rest_route=\/wp\/v2\/users\/2"}],"replies":[{"embeddable":true,"href":"https:\/\/www.weppelmann.de\/index.php?rest_route=%2Fwp%2Fv2%2Fcomments&post=883"}],"version-history":[{"count":2,"href":"https:\/\/www.weppelmann.de\/index.php?rest_route=\/wp\/v2\/posts\/883\/revisions"}],"predecessor-version":[{"id":885,"href":"https:\/\/www.weppelmann.de\/index.php?rest_route=\/wp\/v2\/posts\/883\/revisions\/885"}],"wp:featuredmedia":[{"embeddable":true,"href":"https:\/\/www.weppelmann.de\/index.php?rest_route=\/wp\/v2\/media\/878"}],"wp:attachment":[{"href":"https:\/\/www.weppelmann.de\/index.php?rest_route=%2Fwp%2Fv2%2Fmedia&parent=883"}],"wp:term":[{"taxonomy":"category","embeddable":true,"href":"https:\/\/www.weppelmann.de\/index.php?rest_route=%2Fwp%2Fv2%2Fcategories&post=883"},{"taxonomy":"post_tag","embeddable":true,"href":"https:\/\/www.weppelmann.de\/index.php?rest_route=%2Fwp%2Fv2%2Ftags&post=883"}],"curies":[{"name":"wp","href":"https:\/\/api.w.org\/{rel}","templated":true}]}}