{"id":894,"date":"2014-02-05T17:11:03","date_gmt":"2014-02-05T15:11:03","guid":{"rendered":"http:\/\/www.weppelmann.de\/?p=894"},"modified":"2014-02-06T09:06:30","modified_gmt":"2014-02-06T07:06:30","slug":"archiv-2007-die-stadt-fragt","status":"publish","type":"post","link":"https:\/\/www.weppelmann.de\/?p=894","title":{"rendered":"Archiv 2007: &#8222;Die Stadt fragt&#8220;"},"content":{"rendered":"<div class=\"pf-content\"><h3 style=\"text-align: center;\">2007: \u201cDie Stadt fragt\u201d von Wilm Weppelmann<\/h3>\n<p style=\"text-align: center;\">mit dem \u201cInstitut f\u00fcr Soziologie\u201d der WWU M\u00fcnster<\/p>\n<p style=\"text-align: center;\"><a href=\"http:\/\/www.weppelmann.de\/wp-content\/uploads\/2014\/02\/Plakat-klein.jpg\"><img loading=\"lazy\" decoding=\"async\" class=\"aligncenter  wp-image-880\" alt=\"Plakat-klein\" src=\"http:\/\/www.weppelmann.de\/wp-content\/uploads\/2014\/02\/Plakat-klein-211x300.jpg\" width=\"134\" height=\"191\" srcset=\"https:\/\/www.weppelmann.de\/wp-content\/uploads\/2014\/02\/Plakat-klein-211x300.jpg 211w, https:\/\/www.weppelmann.de\/wp-content\/uploads\/2014\/02\/Plakat-klein.jpg 236w\" sizes=\"auto, (max-width: 134px) 100vw, 134px\" \/><\/a>Dokumentation: <a href=\"http:\/\/www.youtube.com\/watch?v=5X5cRvKokNg\">Film <i>Die Stadt fragt<\/i> von Ameetaa Kelsch \/ Institut f\u00fcr Soziologie <\/a><\/p>\n<p style=\"text-align: center;\"><strong>Eine Anstiftung zur Frage \u2013 der K\u00fcnstler und das Projekt<\/strong><\/p>\n<p style=\"text-align: left;\">STELLEN SIE BITIE IHRE FRAGE! Mit dieser Aufforderung hat der K\u00fcnstler Wilm Weppelmann schon die Stuttgarter B\u00fcrger irritiert. Am 23.11. und 24.11.2007\u00a0 waren die Studenten der Soziologie im k\u00fcnstlerischen Auftrag an drei\u00dfig Standorten in der Stadt M\u00fcnster aktiv, um die spontanen Fragen der M\u00fcnsteraner an ihre Stadt, an die Gesellschaft in Erfahrung zu bringen. Am 24.11.2007\u00a0 also einen Tag danach wurden diese Fragen im Zentrum der Stadt ver\u00f6ffentlicht. Die gesammelten Fragen wurden auf 1,5 x 0,9 m gro\u00dfen SW-Plakaten einzeln quer durch den ganzen Innenstadtraum in der Nacht verteilt auf H\u00e4userw\u00e4nden geklebt, d. h. am Samstagmorgen waren sie f\u00fcr alle Besucher der Stadt kaum zu \u00fcbersehen. Diese Aktion war nicht abgesprochen mit der Stadt und den Ordnungsbeh\u00f6rden und war eher \u00fcberfallartig guerillataktisch organisiert. Die Plakate wurden am Nachmittag ohne Besch\u00e4digungen der H\u00e4userw\u00e4nde wieder eingesammelt und entfernt.<\/p>\n<p style=\"text-align: left;\">Kunst und Wissenschaft ziehen in diesem Projekt an einem Strang, denn Ursprung von jeder Wissenschaft ist die Frage, das Staunen. Ein K\u00fcnstler ist auch ein Forscher hinter den Selbstverst\u00e4ndlichkeiten des Lebens, er l\u00f6st sie nur anders auf und bringt sie auf einen anderen Weg ins \u00f6ffentliche Bewu\u00dftsein als die Wissenschaft. Die menschliche Seite bekommt hier eine besondere B\u00fchne. Wilm Weppelmann arbeitet in seinem Projekt an der Schnittstelle von Kunst und Poltitik, will anst\u00f6\u00dfig sein. Seine Ausstellungen zum Tabuthema Sterben haben Akzente gesetzt. Er agiert subversiv und interveniert hintergr\u00fcndig im \u00f6ffentlichen Raum. Immer ein Experiment, das auch f\u00fcr die M\u00f6glichkeit des Scheiterns offen ist.<\/p>\n<p style=\"text-align: center;\"><strong>Eine Antwort zur Frage \u2013 ein Exkurs<\/strong><\/p>\n<p style=\"text-align: left;\">Die Frage ist Ausdruck eines universellen menschlichen Verm\u00f6gens, als eine Weise, Weit. eigenes Selbst. Du und Wir zu erkunden um mit ihnen in Beziehung zu treten, sich auf das Wagnis Wissen, Erkennen und Erfahren einzulassen und sich gleicherma\u00dfen dem Zweifel, der Kritik, dem Nicht-Wissen, der bleibenden Fragw\u00fcrdigkeit auszusetzen. Eine Frage muss nicht beantwortet werden. Sie erh\u00e4lt ihre Berechtigung nicht durch eine Antwort, sondern ganz allein aus sich. ln Fragen steckt deshalb eine eigene Wahrheit,\u00a0 weil sie uns sensibilisieren f\u00fcr die Wirklichkeit, in der wir leben.<\/p>\n<p style=\"text-align: left;\"><a href=\"http:\/\/www.weppelmann.de\/wp-content\/uploads\/2014\/02\/IMG_7336-verkleinert.jpg\"><img loading=\"lazy\" decoding=\"async\" class=\"aligncenter  wp-image-882\" alt=\"IMG_7336 verkleinert\" src=\"http:\/\/www.weppelmann.de\/wp-content\/uploads\/2014\/02\/IMG_7336-verkleinert-300x200.jpg\" width=\"300\" height=\"200\" srcset=\"https:\/\/www.weppelmann.de\/wp-content\/uploads\/2014\/02\/IMG_7336-verkleinert-300x200.jpg 300w, https:\/\/www.weppelmann.de\/wp-content\/uploads\/2014\/02\/IMG_7336-verkleinert.jpg 354w\" sizes=\"auto, (max-width: 300px) 100vw, 300px\" \/><\/a><a href=\"http:\/\/www.weppelmann.de\/wp-content\/uploads\/2014\/02\/IMG_7369-verkleinert.jpg\"><img loading=\"lazy\" decoding=\"async\" class=\"aligncenter  wp-image-881\" alt=\"IMG_7369 verkleinert\" src=\"http:\/\/www.weppelmann.de\/wp-content\/uploads\/2014\/02\/IMG_7369-verkleinert-300x200.jpg\" width=\"300\" height=\"200\" srcset=\"https:\/\/www.weppelmann.de\/wp-content\/uploads\/2014\/02\/IMG_7369-verkleinert-300x200.jpg 300w, https:\/\/www.weppelmann.de\/wp-content\/uploads\/2014\/02\/IMG_7369-verkleinert.jpg 354w\" sizes=\"auto, (max-width: 300px) 100vw, 300px\" \/><\/a><\/p>\n<\/div>","protected":false},"excerpt":{"rendered":"<p>2007: \u201cDie Stadt fragt\u201d von Wilm Weppelmann mit dem \u201cInstitut f\u00fcr Soziologie\u201d der WWU M\u00fcnster Dokumentation: Film Die Stadt fragt<\/p>\n","protected":false},"author":2,"featured_media":896,"comment_status":"open","ping_status":"open","sticky":false,"template":"","format":"standard","meta":{"footnotes":""},"categories":[1,6],"tags":[27,15,18],"class_list":["post-894","post","type-post","status-publish","format-standard","has-post-thumbnail","hentry","category-allgemein","category-kunst","tag-kunst","tag-konzeptkunst","tag-archiv"],"_links":{"self":[{"href":"https:\/\/www.weppelmann.de\/index.php?rest_route=\/wp\/v2\/posts\/894","targetHints":{"allow":["GET"]}}],"collection":[{"href":"https:\/\/www.weppelmann.de\/index.php?rest_route=\/wp\/v2\/posts"}],"about":[{"href":"https:\/\/www.weppelmann.de\/index.php?rest_route=\/wp\/v2\/types\/post"}],"author":[{"embeddable":true,"href":"https:\/\/www.weppelmann.de\/index.php?rest_route=\/wp\/v2\/users\/2"}],"replies":[{"embeddable":true,"href":"https:\/\/www.weppelmann.de\/index.php?rest_route=%2Fwp%2Fv2%2Fcomments&post=894"}],"version-history":[{"count":1,"href":"https:\/\/www.weppelmann.de\/index.php?rest_route=\/wp\/v2\/posts\/894\/revisions"}],"predecessor-version":[{"id":897,"href":"https:\/\/www.weppelmann.de\/index.php?rest_route=\/wp\/v2\/posts\/894\/revisions\/897"}],"wp:featuredmedia":[{"embeddable":true,"href":"https:\/\/www.weppelmann.de\/index.php?rest_route=\/wp\/v2\/media\/896"}],"wp:attachment":[{"href":"https:\/\/www.weppelmann.de\/index.php?rest_route=%2Fwp%2Fv2%2Fmedia&parent=894"}],"wp:term":[{"taxonomy":"category","embeddable":true,"href":"https:\/\/www.weppelmann.de\/index.php?rest_route=%2Fwp%2Fv2%2Fcategories&post=894"},{"taxonomy":"post_tag","embeddable":true,"href":"https:\/\/www.weppelmann.de\/index.php?rest_route=%2Fwp%2Fv2%2Ftags&post=894"}],"curies":[{"name":"wp","href":"https:\/\/api.w.org\/{rel}","templated":true}]}}